{"id":65430,"date":"2024-04-24T07:07:26","date_gmt":"2024-04-24T11:07:26","guid":{"rendered":"https:\/\/jms.com.bo\/mediamonitor\/2024\/04\/24\/microempresarios-ven-como-irresponsable-el-incremento-salarial-y-anuncian-movilizaciones\/"},"modified":"2024-04-24T07:07:26","modified_gmt":"2024-04-24T11:07:26","slug":"microempresarios-ven-como-irresponsable-el-incremento-salarial-y-anuncian-movilizaciones","status":"publish","type":"post","link":"https:\/\/jms.com.bo\/mediamonitor\/2024\/04\/24\/microempresarios-ven-como-irresponsable-el-incremento-salarial-y-anuncian-movilizaciones\/","title":{"rendered":"Microempresarios ven como \u201cirresponsable\u201d el incremento salarial y anuncian movilizaciones"},"content":{"rendered":"<p style=\"text-align: justify;\">Duros cuestionamientos lanzaron, este martes, dirigentes del sector de la micro, peque\u00f1a y mediana empresas al incremento salarial establecido este a\u00f1o por el Gobierno, en coordinaci\u00f3n con la Central Obrera Boliviana (COB). Calificaron de irresponsable este beneficio, que llegan en tiempo complejos y desafiantes, por el incremento en sus costos de producci\u00f3n.<\/p>\n<p style=\"text-align: justify;\">Este martes el presidente, Luis Arce Catacora y Juan Carlos Huarachi, anunciaron el incremento de un 5,85% al salario m\u00ednimo nacional y un 3% al haber b\u00e1sico, tras varias jornadas de negociaci\u00f3n. Este incremento, seg\u00fan el jefe de Estado, garantiza la estabilidad de los empleos y el crecimiento econ\u00f3mico.<\/p>\n<p style=\"text-align: justify;\">\u201cEs una medida irresponsable\u201d<\/p>\n<p style=\"text-align: justify;\">Pero para, Juan Carlos Vargas, secretario general de Conamype la medida causar\u00e1 un efecto contrario, porque pone en riesgo la estabilidad de las peque\u00f1as unidades de negocio, que se ven afectadas por el incremento de sus costos de producci\u00f3n.<\/p>\n<p style=\"text-align: justify;\">\u00abConsideramos que son decisiones que est\u00e1n afectando y seguir\u00e1n afectando al sector productivo, sobre todo a las micro peque\u00f1as empresas, que se dedican a la transformaci\u00f3n de diferentes productos acabados de diferentes materias primas\u00bb, expres\u00f3 Vargas, se\u00f1alando el impacto directo en las empresas m\u00e1s vulnerables del tejido econ\u00f3mico.<\/p>\n<p style=\"text-align: justify;\">El dirigente explic\u00f3 que la falta de una pol\u00edtica econ\u00f3mica productiva y la especulaci\u00f3n del d\u00f3lar, son algunos de los puntos que afectan a las microempresas. Adem\u00e1s, observ\u00f3 la falta de medidas econ\u00f3micas y de desarrollo productivo \u201cen estas decisiones unilaterales, lo que deja a las empresas en una posici\u00f3n precaria para sostener empleos y generar crecimiento\u201d.<\/p>\n<p style=\"text-align: justify;\">\u201cLos compa\u00f1eros que nos dedicamos a la transformaci\u00f3n de materias primas en productos acabados, ya realmente est\u00e1n muy indignados\u00bb, afirm\u00f3.<\/p>\n<p style=\"text-align: justify;\">Adicionalmente, Vargas dijo que la falta de reactivaci\u00f3n econ\u00f3mica y las medidas coercitivas contin\u00faan siendo obst\u00e1culos para la generaci\u00f3n de empleo y la formalizaci\u00f3n de las microempresas.<\/p>\n<p style=\"text-align: justify;\">En este contexto, anticip\u00f3 que el sector se movilizar\u00e1 y si es preciso con medidas de presi\u00f3n en las calles.<\/p>\n<p style=\"text-align: justify;\">\u00abVamos hacer reclamos, no solamente de forma pac\u00edfica, como ahora lo hacemos, sino tambi\u00e9n con la movilizaci\u00f3n, porque realmente esto est\u00e1 afectando a nuestra econom\u00eda y a la generaci\u00f3n de empleos en el pa\u00eds\u00bb, se\u00f1al\u00f3 el productor.<\/p>\n<p style=\"text-align: justify;\">\u201cEs una decisi\u00f3n alarmante\u201d<br \/>\nEl dirigente de Federaci\u00f3n de la Micro y Peque\u00f1a Empresas (Fedemype) de Santa Cruz, Boris Mendoza, calific\u00f3 a la medida de alarmante, porque est\u00e1 alejada de la realidad que viven los microempresarios. El dirigente observ\u00f3 que, pese a tener la bandera de la industrializaci\u00f3n, el Gobierno no incentiva al desarrollo y formalizaci\u00f3n de este sector.<\/p>\n<p style=\"text-align: justify;\">\u201cEs una decisi\u00f3n alarmante. Este gobierno era la de industrializaci\u00f3n, pero est\u00e1 enfocado a industrializar otro tipo de producto o empresas y no en todas. La materia prima e insumos viene de afuera, y afuera est\u00e1n manejado por d\u00f3lar. Si escasea el d\u00f3lar, la materia prima sube, y nosotros no podemos subir los servicios o los productos\u201d, observ\u00f3.<\/p>\n<p style=\"text-align: justify;\">El dirigente sostuvo que, actualmente, las microempresas tienen dificultades para poder cumplir sus responsabilidades \u201ccon el banco, con nuestras familias, hasta con los mismos empleados\u201d.<\/p>\n<p style=\"text-align: justify;\">\u201cEl incremento salarial atenta contra la seguridad de las empresas, atenta contra la motivaci\u00f3n del boliviano a emprender, porque estamos viendo que nuestras autoridades no est\u00e1n viviendo en la realidad\u201d, cuestion\u00f3.<\/p>\n","protected":false},"excerpt":{"rendered":"<p>Duros cuestionamientos lanzaron, este martes, dirigentes del sector de la micro, peque\u00f1a y mediana empresas al incremento salarial establecido este a\u00f1o por el Gobierno, en coordinaci\u00f3n con la Central Obrera Boliviana (COB). Calificaron de irresponsable este beneficio, que llegan en tiempo complejos y desafiantes, por el incremento en sus costos de producci\u00f3n. Este martes el [&hellip;]<\/p>\n","protected":false},"author":4,"featured_media":65431,"comment_status":"open","ping_status":"closed","sticky":false,"template":"","format":"standard","meta":{"footnotes":""},"categories":[49],"tags":[],"class_list":{"0":"post-65430","1":"post","2":"type-post","3":"status-publish","4":"format-standard","5":"has-post-thumbnail","7":"category-social"},"_links":{"self":[{"href":"https:\/\/jms.com.bo\/mediamonitor\/wp-json\/wp\/v2\/posts\/65430","targetHints":{"allow":["GET"]}}],"collection":[{"href":"https:\/\/jms.com.bo\/mediamonitor\/wp-json\/wp\/v2\/posts"}],"about":[{"href":"https:\/\/jms.com.bo\/mediamonitor\/wp-json\/wp\/v2\/types\/post"}],"author":[{"embeddable":true,"href":"https:\/\/jms.com.bo\/mediamonitor\/wp-json\/wp\/v2\/users\/4"}],"replies":[{"embeddable":true,"href":"https:\/\/jms.com.bo\/mediamonitor\/wp-json\/wp\/v2\/comments?post=65430"}],"version-history":[{"count":0,"href":"https:\/\/jms.com.bo\/mediamonitor\/wp-json\/wp\/v2\/posts\/65430\/revisions"}],"wp:featuredmedia":[{"embeddable":true,"href":"https:\/\/jms.com.bo\/mediamonitor\/wp-json\/wp\/v2\/media\/65431"}],"wp:attachment":[{"href":"https:\/\/jms.com.bo\/mediamonitor\/wp-json\/wp\/v2\/media?parent=65430"}],"wp:term":[{"taxonomy":"category","embeddable":true,"href":"https:\/\/jms.com.bo\/mediamonitor\/wp-json\/wp\/v2\/categories?post=65430"},{"taxonomy":"post_tag","embeddable":true,"href":"https:\/\/jms.com.bo\/mediamonitor\/wp-json\/wp\/v2\/tags?post=65430"}],"curies":[{"name":"wp","href":"https:\/\/api.w.org\/{rel}","templated":true}]}}