{"id":65432,"date":"2024-04-24T07:09:21","date_gmt":"2024-04-24T11:09:21","guid":{"rendered":"https:\/\/jms.com.bo\/mediamonitor\/2024\/04\/24\/organizaciones-cierran-filas-contra-cambios-en-la-ley-348\/"},"modified":"2024-04-24T07:09:21","modified_gmt":"2024-04-24T11:09:21","slug":"organizaciones-cierran-filas-contra-cambios-en-la-ley-348","status":"publish","type":"post","link":"https:\/\/jms.com.bo\/mediamonitor\/2024\/04\/24\/organizaciones-cierran-filas-contra-cambios-en-la-ley-348\/","title":{"rendered":"Organizaciones cierran filas contra cambios en la Ley 348"},"content":{"rendered":"<p style=\"text-align: justify;\">M\u00e1s de un centenar de organizaciones defensoras de los derechos de las mujeres se pronunciaron ayer en rechazo de la propuesta modificatoria a la Ley Integral para Garantizar a las Mujeres una Vida libre de Violencia (348) presentada por la senadora Patricia Arce.<\/p>\n<p style=\"text-align: justify;\">Sostienen que representar\u00eda un retroceso, porque plantea eliminar la protecci\u00f3n a las denunciantes.<\/p>\n<p style=\"text-align: justify;\">\u201cNosotras rechazamos las modificaciones regresivas a la Ley 348 y exigimos una reforma integral de la justicia\u201d, dijo la directora de la Coordinadora de la Mujer, Tania S\u00e1nchez.<\/p>\n<p style=\"text-align: justify;\">Agreg\u00f3 que \u201cesta iniciativa representa un atentado y retroceso para el derecho de las v\u00edctimas de violencia al acceso a la justicia (&#8230;). Lejos de responder al problema que plantea, elimina la protecci\u00f3n de las mujeres denunciantes contra la revictimizaci\u00f3n por parte del sistema de justicia\u201d.<\/p>\n<p style=\"text-align: justify;\">Remarc\u00f3 que la \u201cno revictimizaci\u00f3n\u201d es una obligaci\u00f3n del Estado que busca, principalmente, evitar el maltrato y someter a la mujer a procedimientos reiterados.<\/p>\n<p style=\"text-align: justify;\">\u201cEl citado proyecto de ley condiciona la toma de declaraciones a un plazo que no considera la situaci\u00f3n de afectaci\u00f3n de las v\u00edctimas de violencia sexual, ni aun trat\u00e1ndose de ni\u00f1as, ni\u00f1os y adolescentes\u201d, advirti\u00f3 S\u00e1nchez.<\/p>\n<p style=\"text-align: justify;\">Seg\u00fan estas organizaciones, este propuesta impondr\u00eda \u201cque la validez de dichas declaraciones dependa del dictamen de peritos para lo que no se observan ni los tiempos ni las formas ni los fines de un peritaje psicol\u00f3gico, que adem\u00e1s parte de presumir que todas las v\u00edctimas mienten y, pr\u00e1cticamente, elimina la competencia de los jueces y juezas para valorar la integralidad de las pruebas\u201d.<\/p>\n<p style=\"text-align: justify;\">Por su parte, la coordinadora nacional de la Alianza Libres sin Violencia, M\u00f3nica Bay\u00e1, lament\u00f3 que las declaraciones \u201cdesatinadas\u201d del presidente de la C\u00e1mara de Senadores, Andr\u00f3nico Rodr\u00edguez, y la presentaci\u00f3n de dicha propuesta normativa haya desencadenado ataques a la Ley 348, bajo \u201cargumentos descontextualizados y generalizaciones que no se basan en evidencia\u201d.<\/p>\n","protected":false},"excerpt":{"rendered":"<p>M\u00e1s de un centenar de organizaciones defensoras de los derechos de las mujeres se pronunciaron ayer en rechazo de la propuesta modificatoria a la Ley Integral para Garantizar a las Mujeres una Vida libre de Violencia (348) presentada por la senadora Patricia Arce. Sostienen que representar\u00eda un retroceso, porque plantea eliminar la protecci\u00f3n a las [&hellip;]<\/p>\n","protected":false},"author":4,"featured_media":65433,"comment_status":"open","ping_status":"closed","sticky":false,"template":"","format":"standard","meta":{"footnotes":""},"categories":[20],"tags":[],"class_list":{"0":"post-65432","1":"post","2":"type-post","3":"status-publish","4":"format-standard","5":"has-post-thumbnail","7":"category-actualidad"},"_links":{"self":[{"href":"https:\/\/jms.com.bo\/mediamonitor\/wp-json\/wp\/v2\/posts\/65432","targetHints":{"allow":["GET"]}}],"collection":[{"href":"https:\/\/jms.com.bo\/mediamonitor\/wp-json\/wp\/v2\/posts"}],"about":[{"href":"https:\/\/jms.com.bo\/mediamonitor\/wp-json\/wp\/v2\/types\/post"}],"author":[{"embeddable":true,"href":"https:\/\/jms.com.bo\/mediamonitor\/wp-json\/wp\/v2\/users\/4"}],"replies":[{"embeddable":true,"href":"https:\/\/jms.com.bo\/mediamonitor\/wp-json\/wp\/v2\/comments?post=65432"}],"version-history":[{"count":0,"href":"https:\/\/jms.com.bo\/mediamonitor\/wp-json\/wp\/v2\/posts\/65432\/revisions"}],"wp:featuredmedia":[{"embeddable":true,"href":"https:\/\/jms.com.bo\/mediamonitor\/wp-json\/wp\/v2\/media\/65433"}],"wp:attachment":[{"href":"https:\/\/jms.com.bo\/mediamonitor\/wp-json\/wp\/v2\/media?parent=65432"}],"wp:term":[{"taxonomy":"category","embeddable":true,"href":"https:\/\/jms.com.bo\/mediamonitor\/wp-json\/wp\/v2\/categories?post=65432"},{"taxonomy":"post_tag","embeddable":true,"href":"https:\/\/jms.com.bo\/mediamonitor\/wp-json\/wp\/v2\/tags?post=65432"}],"curies":[{"name":"wp","href":"https:\/\/api.w.org\/{rel}","templated":true}]}}