{"id":65434,"date":"2024-04-24T07:11:09","date_gmt":"2024-04-24T11:11:09","guid":{"rendered":"https:\/\/jms.com.bo\/mediamonitor\/2024\/04\/24\/esperan-respuesta-para-lanzar-licitacion-cretacico\/"},"modified":"2024-04-24T07:11:09","modified_gmt":"2024-04-24T11:11:09","slug":"esperan-respuesta-para-lanzar-licitacion-cretacico","status":"publish","type":"post","link":"https:\/\/jms.com.bo\/mediamonitor\/2024\/04\/24\/esperan-respuesta-para-lanzar-licitacion-cretacico\/","title":{"rendered":"Esperan respuesta para lanzar licitaci\u00f3n: Cret\u00e1cico"},"content":{"rendered":"<p style=\"text-align: justify;\">La Alcald\u00eda de Sucre proyecta tener concluida la ampliaci\u00f3n del Parque Cret\u00e1cico para el Bicentenario del pa\u00eds, en 2025. Actualmente el proyecto espera la no objeci\u00f3n de la unidad ejecutora \u201cConoce Bolivia\u201d, para lanzar la licitaci\u00f3n a nivel internacional. As\u00ed lo indic\u00f3 este martes a el secretario municipal de Turismo y Cultura, Patrick Urizar, al se\u00f1alar que habr\u00e1 una respuesta hasta este viernes.<\/p>\n<p style=\"text-align: justify;\">La ampliaci\u00f3n del Parque Cret\u00e1cico, que conlleva la creaci\u00f3n de varios espacios cient\u00edficos, recreacionales y museos, adem\u00e1s del emplazamiento de dinosaurios mecatr\u00f3nicos a escala real, con movimientos, y la conservaci\u00f3n y preservaci\u00f3n del fallaron de Cal Orck\u2019o, demandar\u00e1 una inversi\u00f3n de 7,5 millones de d\u00f3lares, financiados por el Banco Interamericano de Desarrollo (BID).<\/p>\n<p style=\"text-align: justify;\">Se estima que la licitaci\u00f3n internacional tendr\u00e1 una duraci\u00f3n de cuatro a seis meses.<\/p>\n","protected":false},"excerpt":{"rendered":"<p>La Alcald\u00eda de Sucre proyecta tener concluida la ampliaci\u00f3n del Parque Cret\u00e1cico para el Bicentenario del pa\u00eds, en 2025. Actualmente el proyecto espera la no objeci\u00f3n de la unidad ejecutora \u201cConoce Bolivia\u201d, para lanzar la licitaci\u00f3n a nivel internacional. As\u00ed lo indic\u00f3 este martes a el secretario municipal de Turismo y Cultura, Patrick Urizar, al [&hellip;]<\/p>\n","protected":false},"author":4,"featured_media":45708,"comment_status":"open","ping_status":"closed","sticky":false,"template":"","format":"standard","meta":{"footnotes":""},"categories":[20],"tags":[],"class_list":{"0":"post-65434","1":"post","2":"type-post","3":"status-publish","4":"format-standard","5":"has-post-thumbnail","7":"category-actualidad"},"_links":{"self":[{"href":"https:\/\/jms.com.bo\/mediamonitor\/wp-json\/wp\/v2\/posts\/65434","targetHints":{"allow":["GET"]}}],"collection":[{"href":"https:\/\/jms.com.bo\/mediamonitor\/wp-json\/wp\/v2\/posts"}],"about":[{"href":"https:\/\/jms.com.bo\/mediamonitor\/wp-json\/wp\/v2\/types\/post"}],"author":[{"embeddable":true,"href":"https:\/\/jms.com.bo\/mediamonitor\/wp-json\/wp\/v2\/users\/4"}],"replies":[{"embeddable":true,"href":"https:\/\/jms.com.bo\/mediamonitor\/wp-json\/wp\/v2\/comments?post=65434"}],"version-history":[{"count":0,"href":"https:\/\/jms.com.bo\/mediamonitor\/wp-json\/wp\/v2\/posts\/65434\/revisions"}],"wp:featuredmedia":[{"embeddable":true,"href":"https:\/\/jms.com.bo\/mediamonitor\/wp-json\/wp\/v2\/media\/45708"}],"wp:attachment":[{"href":"https:\/\/jms.com.bo\/mediamonitor\/wp-json\/wp\/v2\/media?parent=65434"}],"wp:term":[{"taxonomy":"category","embeddable":true,"href":"https:\/\/jms.com.bo\/mediamonitor\/wp-json\/wp\/v2\/categories?post=65434"},{"taxonomy":"post_tag","embeddable":true,"href":"https:\/\/jms.com.bo\/mediamonitor\/wp-json\/wp\/v2\/tags?post=65434"}],"curies":[{"name":"wp","href":"https:\/\/api.w.org\/{rel}","templated":true}]}}