{"id":65669,"date":"2024-05-03T06:29:05","date_gmt":"2024-05-03T10:29:05","guid":{"rendered":"https:\/\/jms.com.bo\/mediamonitor\/2024\/05\/03\/despues-de-tres-anos-registran-un-caso-de-fiebre-amarilla-en-el-norte-de-la-paz\/"},"modified":"2024-05-03T06:29:05","modified_gmt":"2024-05-03T10:29:05","slug":"despues-de-tres-anos-registran-un-caso-de-fiebre-amarilla-en-el-norte-de-la-paz","status":"publish","type":"post","link":"https:\/\/jms.com.bo\/mediamonitor\/2024\/05\/03\/despues-de-tres-anos-registran-un-caso-de-fiebre-amarilla-en-el-norte-de-la-paz\/","title":{"rendered":"Despu\u00e9s de tres a\u00f1os, registran un caso de fiebre amarilla en el norte de La Paz"},"content":{"rendered":"<p style=\"text-align: justify;\">Despu\u00e9s de tres a\u00f1os, en una comunidad del norte del departamento de La Paz, se registr\u00f3 un caso de fiebre amarilla, en un joven de 21 a\u00f1os, quien falleci\u00f3, posteriormente, en la ciudad de El Alto.<\/p>\n<p style=\"text-align: justify;\">\u201cSe trata de una persona de sexo masculino de 21 a\u00f1os, por circunstancias de trabajo estaba en una comunidad del norte de La Paz e ingres\u00f3 al monte, no ten\u00eda enfermedad de base, pero s\u00ed presentaba un resfr\u00edo\u201d, inform\u00f3 el jefe de la Unidad de Epidemiolog\u00eda e Investigaci\u00f3n del Servicio Departamental de Salud (Sedes), Javier Mamani.<\/p>\n<p style=\"text-align: justify;\">El paciente acudi\u00f3 al Hospital \u201cSantiago Segundo\u201d de la Caja Nacional de Salud (CNS), ubicado en la ciudad de El Alto, donde se intern\u00f3 y falleci\u00f3 dos d\u00edas despu\u00e9s.<\/p>\n<p style=\"text-align: justify;\">Personal de la Unidad de Epidemiolog\u00eda e Investigaci\u00f3n del Sedes La Paz se desplaz\u00f3 a la regi\u00f3n donde se report\u00f3 el caso para hacer el bloqueo y el control epidemiol\u00f3gico correspondiente.<\/p>\n<p style=\"text-align: justify;\">La fiebre amarilla es una enfermedad v\u00edrica aguda, hemorr\u00e1gica, transmitida por mosquitos infectados.<\/p>\n<p style=\"text-align: justify;\">El t\u00e9rmino \u00abamarilla\u00bb alude a la ictericia que presentan algunos pacientes. Los s\u00edntomas de la fiebre amarilla son: fiebre, cefaleas, ictericia, dolores musculares, n\u00e1useas, v\u00f3mitos y cansancio.<\/p>\n<p style=\"text-align: justify;\">La vacuna contra la fiebre amarilla se aplica en el esquema regular de vacunaci\u00f3n a ni\u00f1os y ni\u00f1as entre 12 a 23 meses de manera gratuita.<\/p>\n<p style=\"text-align: justify;\">El jefe del Sedes inst\u00f3 a las personas que viajan a pa\u00edses y regiones tropicales del pa\u00eds se apliquen las dosis de refuerzo, que son gratuitas. Asimismo, recomend\u00f3 a la poblaci\u00f3n hacer la limpieza de sus hogares e inmediaciones, botar los inservibles y eliminar las aguas estacadas, que son fuentes de reproducci\u00f3n de los mosquitos transmisores de la enfermedad.<\/p>\n","protected":false},"excerpt":{"rendered":"<p>Despu\u00e9s de tres a\u00f1os, en una comunidad del norte del departamento de La Paz, se registr\u00f3 un caso de fiebre amarilla, en un joven de 21 a\u00f1os, quien falleci\u00f3, posteriormente, en la ciudad de El Alto. \u201cSe trata de una persona de sexo masculino de 21 a\u00f1os, por circunstancias de trabajo estaba en una comunidad [&hellip;]<\/p>\n","protected":false},"author":4,"featured_media":65670,"comment_status":"open","ping_status":"closed","sticky":false,"template":"","format":"standard","meta":{"footnotes":""},"categories":[53],"tags":[],"class_list":{"0":"post-65669","1":"post","2":"type-post","3":"status-publish","4":"format-standard","5":"has-post-thumbnail","7":"category-salud"},"_links":{"self":[{"href":"https:\/\/jms.com.bo\/mediamonitor\/wp-json\/wp\/v2\/posts\/65669","targetHints":{"allow":["GET"]}}],"collection":[{"href":"https:\/\/jms.com.bo\/mediamonitor\/wp-json\/wp\/v2\/posts"}],"about":[{"href":"https:\/\/jms.com.bo\/mediamonitor\/wp-json\/wp\/v2\/types\/post"}],"author":[{"embeddable":true,"href":"https:\/\/jms.com.bo\/mediamonitor\/wp-json\/wp\/v2\/users\/4"}],"replies":[{"embeddable":true,"href":"https:\/\/jms.com.bo\/mediamonitor\/wp-json\/wp\/v2\/comments?post=65669"}],"version-history":[{"count":0,"href":"https:\/\/jms.com.bo\/mediamonitor\/wp-json\/wp\/v2\/posts\/65669\/revisions"}],"wp:featuredmedia":[{"embeddable":true,"href":"https:\/\/jms.com.bo\/mediamonitor\/wp-json\/wp\/v2\/media\/65670"}],"wp:attachment":[{"href":"https:\/\/jms.com.bo\/mediamonitor\/wp-json\/wp\/v2\/media?parent=65669"}],"wp:term":[{"taxonomy":"category","embeddable":true,"href":"https:\/\/jms.com.bo\/mediamonitor\/wp-json\/wp\/v2\/categories?post=65669"},{"taxonomy":"post_tag","embeddable":true,"href":"https:\/\/jms.com.bo\/mediamonitor\/wp-json\/wp\/v2\/tags?post=65669"}],"curies":[{"name":"wp","href":"https:\/\/api.w.org\/{rel}","templated":true}]}}