{"id":65673,"date":"2024-05-03T06:32:17","date_gmt":"2024-05-03T10:32:17","guid":{"rendered":"https:\/\/jms.com.bo\/mediamonitor\/2024\/05\/03\/se-inician-los-controles-a-las-ambulancias-ilegales-en-santa-cruz\/"},"modified":"2024-05-03T06:32:17","modified_gmt":"2024-05-03T10:32:17","slug":"se-inician-los-controles-a-las-ambulancias-ilegales-en-santa-cruz","status":"publish","type":"post","link":"https:\/\/jms.com.bo\/mediamonitor\/2024\/05\/03\/se-inician-los-controles-a-las-ambulancias-ilegales-en-santa-cruz\/","title":{"rendered":"Se inician los controles a las ambulancias ilegales en Santa Cruz"},"content":{"rendered":"<p style=\"text-align: justify;\">Este jueves, 2 de mayo, se iniciaron los operativos de control para el retiro de ambulancias que no cuentan con Resoluci\u00f3n Administrativa de Funcionamiento. Esta actividad est\u00e1 a cargo de la Polic\u00eda Boliviana y el Servicio Departamental de Salud (Sedes).<\/p>\n<p style=\"text-align: justify;\">Dagner Montalv\u00e1n, coordinador del Centro de Emergencia del Sedes, explic\u00f3 que el pasado 30 de abril venci\u00f3 el plazo para que todas las empresas de ambulancias que brindan el servicio de emergencia de auxilio de pacientes contusos y politraumatizados se registren.<\/p>\n<p style=\"text-align: justify;\">Es as\u00ed que, a partir de este jueves, en el segundo anillo y Parque Urbano iniciaron el control. Durante esta jornada encontraron una ambulancia que no portaba con la acreditaci\u00f3n respectiva, obligando su traslado hasta dependencias de Tr\u00e1nsito.<\/p>\n<p style=\"text-align: justify;\">Las autoridades advirtieron que esta acci\u00f3n ser\u00e1 realizada de forma permanente a fin de garantizar la calidad y seguridad del servicio de ambulancias a la poblaci\u00f3n.<\/p>\n<p>Edson Rojas, subdirector de Tr\u00e1nsito, recalc\u00f3 que en caso de encontrar ambulancias incumpliendo las normas, ser\u00e1n dirigidas a Tr\u00e1nsito y por medio de la Fuerza Especial de Lucha Contra el Crimen (Felcc) ser\u00e1n denunciadas por atentados contra la salud y el ejercicio indebido de la profesi\u00f3n, puesto que se sabe que algunas unidades operan con personal sin la respectiva capacitaci\u00f3n.<\/p>\n","protected":false},"excerpt":{"rendered":"<p>Este jueves, 2 de mayo, se iniciaron los operativos de control para el retiro de ambulancias que no cuentan con Resoluci\u00f3n Administrativa de Funcionamiento. Esta actividad est\u00e1 a cargo de la Polic\u00eda Boliviana y el Servicio Departamental de Salud (Sedes). Dagner Montalv\u00e1n, coordinador del Centro de Emergencia del Sedes, explic\u00f3 que el pasado 30 de [&hellip;]<\/p>\n","protected":false},"author":4,"featured_media":65674,"comment_status":"open","ping_status":"closed","sticky":false,"template":"","format":"standard","meta":{"footnotes":""},"categories":[49],"tags":[],"class_list":{"0":"post-65673","1":"post","2":"type-post","3":"status-publish","4":"format-standard","5":"has-post-thumbnail","7":"category-social"},"_links":{"self":[{"href":"https:\/\/jms.com.bo\/mediamonitor\/wp-json\/wp\/v2\/posts\/65673","targetHints":{"allow":["GET"]}}],"collection":[{"href":"https:\/\/jms.com.bo\/mediamonitor\/wp-json\/wp\/v2\/posts"}],"about":[{"href":"https:\/\/jms.com.bo\/mediamonitor\/wp-json\/wp\/v2\/types\/post"}],"author":[{"embeddable":true,"href":"https:\/\/jms.com.bo\/mediamonitor\/wp-json\/wp\/v2\/users\/4"}],"replies":[{"embeddable":true,"href":"https:\/\/jms.com.bo\/mediamonitor\/wp-json\/wp\/v2\/comments?post=65673"}],"version-history":[{"count":0,"href":"https:\/\/jms.com.bo\/mediamonitor\/wp-json\/wp\/v2\/posts\/65673\/revisions"}],"wp:featuredmedia":[{"embeddable":true,"href":"https:\/\/jms.com.bo\/mediamonitor\/wp-json\/wp\/v2\/media\/65674"}],"wp:attachment":[{"href":"https:\/\/jms.com.bo\/mediamonitor\/wp-json\/wp\/v2\/media?parent=65673"}],"wp:term":[{"taxonomy":"category","embeddable":true,"href":"https:\/\/jms.com.bo\/mediamonitor\/wp-json\/wp\/v2\/categories?post=65673"},{"taxonomy":"post_tag","embeddable":true,"href":"https:\/\/jms.com.bo\/mediamonitor\/wp-json\/wp\/v2\/tags?post=65673"}],"curies":[{"name":"wp","href":"https:\/\/api.w.org\/{rel}","templated":true}]}}