{"id":65677,"date":"2024-05-03T06:40:45","date_gmt":"2024-05-03T10:40:45","guid":{"rendered":"https:\/\/jms.com.bo\/mediamonitor\/2024\/05\/03\/trabajadores-de-aseo-urbano-de-santa-cruz-levantan-bloqueo-al-vertedero-y-aceptan-dialogo\/"},"modified":"2024-05-03T06:40:45","modified_gmt":"2024-05-03T10:40:45","slug":"trabajadores-de-aseo-urbano-de-santa-cruz-levantan-bloqueo-al-vertedero-y-aceptan-dialogo","status":"publish","type":"post","link":"https:\/\/jms.com.bo\/mediamonitor\/2024\/05\/03\/trabajadores-de-aseo-urbano-de-santa-cruz-levantan-bloqueo-al-vertedero-y-aceptan-dialogo\/","title":{"rendered":"Trabajadores de aseo urbano de Santa Cruz levantan bloqueo al vertedero y aceptan di\u00e1logo"},"content":{"rendered":"<p style=\"text-align: justify;\">En una reuni\u00f3n en la que participaron representantes de la alcald\u00eda, de la empresa operadora Pira\u00ed y los trabajadores de aseo urbano de la ciudad de Santa Cruz, el sector movilizado acord\u00f3 suspender el bloqueo y acept\u00f3 acudir a la instalaci\u00f3n de mesas t\u00e9cnicas para buscar una soluci\u00f3n al conflicto.<\/p>\n<p style=\"text-align: justify;\">Los trabajadores de aseo urbano exigen que se les de mejores condiciones laborales, regularizaci\u00f3n en el pago de los salarios, adem\u00e1s de las reducci\u00f3n de la jornada de trabajo ya que los obligan a estar 12 horas continuas.<\/p>\n<p style=\"text-align: justify;\">Bernardo Montenegro, vocero del \u00e1rea jur\u00eddica, indic\u00f3 que inmediatamente se reanudar\u00e1 el recojo de basura en la ciudad y desde este viernes instalar\u00e1n las mesas de di\u00e1logo donde el Ministerio del Trabajo y la Defensor\u00eda del Pueblo estar\u00e1n como veedores.<\/p>\n<p style=\"text-align: justify;\">\u201cSe levanta la medida (el bloqueo) y se reactiva el recojo de basura, que es la mayor preocupaci\u00f3n de la poblaci\u00f3n. Segundo, a partir de ma\u00f1ana (viernes) ya se instala una mesa t\u00e9cnica con la participaci\u00f3n de todas las partes involucradas. En este caso, la empresa Pira\u00ed, el sindicato y las instancias de mediaci\u00f3n que van a ser el Ministerio de Trabajo y derechos humanos\u201d, explic\u00f3 Montenegro.<\/p>\n<p style=\"text-align: justify;\">\u201cComo estamos con temas de salud, el tema del recojo de basura es fundamental en nuestras escuelas, en nuestros hospitales. Por consecuencia, habiendo agradecido la voluntad de las partes, la poblaci\u00f3n ya podr\u00e1 respirar m\u00e1s tranquila. El recojo de basura se va reactivando hoy y ma\u00f1ana la mesa t\u00e9cnica. Esperamos con la mayor brevedad posible. Ya se puede solucionar este problema y que todos vuelvan a la normalidad\u201d, agreg\u00f3 Montenegro.<\/p>\n<p style=\"text-align: justify;\">La ciudad ya estaba empezando a sentir los efectos de esta medida de los trabajadores de aseo urbano, las calles y avenidas se empezaban a llenarse de basura.<\/p>\n<p style=\"text-align: justify;\">Los trabajadores movilizados reconocen que hay divisi\u00f3n en su sector y no todos est\u00e1n apoyando la protesta; sin embargo, aseguran que el beneficio ser\u00e1 para todos.<\/p>\n<p style=\"text-align: justify;\">\u201cSon unos cuantos que est\u00e1n trabajando, esto es un pedido en favor del beneficio de todos los trabajadores de aseo urbano, tanto de Pira\u00ed como del Diez\u201d, asevero un dirigente.<\/p>\n<p style=\"text-align: justify;\">Este 1 de mayo, los trabajadores que realizaban un bloqueo en el ingreso del vertedero, fueron desalojados por la polic\u00eda.<\/p>\n<p style=\"text-align: justify;\">La concejal Lola Terrazas pide disolver el contrato entre la Alcald\u00eda cruce\u00f1a y la empresa de limpieza en caso de que se confirme incumplimiento de la empresa operadora.<\/p>\n<p style=\"text-align: justify;\">\u201cSe debe disolver el contrato si la empresa incumple responsabilidades de pago de salarios u otros pagos contractuales. Emacruz deber\u00eda notificar a la empresa desde el primer d\u00eda de movilizaci\u00f3n\u201d, dijo la concejal.<\/p>\n","protected":false},"excerpt":{"rendered":"<p>En una reuni\u00f3n en la que participaron representantes de la alcald\u00eda, de la empresa operadora Pira\u00ed y los trabajadores de aseo urbano de la ciudad de Santa Cruz, el sector movilizado acord\u00f3 suspender el bloqueo y acept\u00f3 acudir a la instalaci\u00f3n de mesas t\u00e9cnicas para buscar una soluci\u00f3n al conflicto. Los trabajadores de aseo urbano [&hellip;]<\/p>\n","protected":false},"author":4,"featured_media":65678,"comment_status":"open","ping_status":"closed","sticky":false,"template":"","format":"standard","meta":{"footnotes":""},"categories":[49],"tags":[],"class_list":{"0":"post-65677","1":"post","2":"type-post","3":"status-publish","4":"format-standard","5":"has-post-thumbnail","7":"category-social"},"_links":{"self":[{"href":"https:\/\/jms.com.bo\/mediamonitor\/wp-json\/wp\/v2\/posts\/65677","targetHints":{"allow":["GET"]}}],"collection":[{"href":"https:\/\/jms.com.bo\/mediamonitor\/wp-json\/wp\/v2\/posts"}],"about":[{"href":"https:\/\/jms.com.bo\/mediamonitor\/wp-json\/wp\/v2\/types\/post"}],"author":[{"embeddable":true,"href":"https:\/\/jms.com.bo\/mediamonitor\/wp-json\/wp\/v2\/users\/4"}],"replies":[{"embeddable":true,"href":"https:\/\/jms.com.bo\/mediamonitor\/wp-json\/wp\/v2\/comments?post=65677"}],"version-history":[{"count":0,"href":"https:\/\/jms.com.bo\/mediamonitor\/wp-json\/wp\/v2\/posts\/65677\/revisions"}],"wp:featuredmedia":[{"embeddable":true,"href":"https:\/\/jms.com.bo\/mediamonitor\/wp-json\/wp\/v2\/media\/65678"}],"wp:attachment":[{"href":"https:\/\/jms.com.bo\/mediamonitor\/wp-json\/wp\/v2\/media?parent=65677"}],"wp:term":[{"taxonomy":"category","embeddable":true,"href":"https:\/\/jms.com.bo\/mediamonitor\/wp-json\/wp\/v2\/categories?post=65677"},{"taxonomy":"post_tag","embeddable":true,"href":"https:\/\/jms.com.bo\/mediamonitor\/wp-json\/wp\/v2\/tags?post=65677"}],"curies":[{"name":"wp","href":"https:\/\/api.w.org\/{rel}","templated":true}]}}