{"id":65679,"date":"2024-05-03T06:41:53","date_gmt":"2024-05-03T10:41:53","guid":{"rendered":"https:\/\/jms.com.bo\/mediamonitor\/2024\/05\/03\/crece-a-61-quienes-creen-que-morales-es-responsable-de-violaciones-a-ddhh-en-el-caso-hotel-las-americas\/"},"modified":"2024-05-03T06:41:53","modified_gmt":"2024-05-03T10:41:53","slug":"crece-a-61-quienes-creen-que-morales-es-responsable-de-violaciones-a-ddhh-en-el-caso-hotel-las-americas","status":"publish","type":"post","link":"https:\/\/jms.com.bo\/mediamonitor\/2024\/05\/03\/crece-a-61-quienes-creen-que-morales-es-responsable-de-violaciones-a-ddhh-en-el-caso-hotel-las-americas\/","title":{"rendered":"Crece a 61% quienes creen que Morales es responsable de violaciones a DDHH en el caso hotel Las Am\u00e9ricas"},"content":{"rendered":"<p style=\"text-align: justify;\">La poblaci\u00f3n que cree que Evo Morales es responsable de violaciones a los derechos humanos en el caso hotel Las Am\u00e9ricas aument\u00f3 a 61% seg\u00fan una reciente encuesta de la empresa Diagnosis.<\/p>\n<p style=\"text-align: justify;\">En octubre de 2022, la misma pregunta reflejaba que el 52% cre\u00eda que Morales era responsable. Quienes creen que no vulner\u00f3 derechos humanos baj\u00f3 de 21% en 2022 a 17% ahora.<\/p>\n<p style=\"text-align: justify;\">Sin embargo, a la hora de pensar en un eventual Juicio de Responsabilidades contra Evo por este caso, la mayor\u00eda asume una postura esc\u00e9ptica: la mitad de la poblaci\u00f3n no ve probable este escenario.<\/p>\n<p style=\"text-align: justify;\">En abril de 2009 se produjo una violenta intervenci\u00f3n policial armada en el hotel Las Am\u00e9ricas de Santa Cruz. Tres personas murieron mediante ejecuciones extrajudiciales, mientras que dos, que salieron con vida, fueron torturadas.<\/p>\n<p style=\"text-align: justify;\">La oposici\u00f3n califica esta acci\u00f3n como una tramoya, generada por el gobierno de Evo Morales, para involucrar a la dirigencia cruce\u00f1a y descabezarla.<\/p>\n<p style=\"text-align: justify;\">A instancias del Gobierno se instaur\u00f3 un proceso penal denominado \u201ccaso Terrorismo\u201d en contra de 39 opositores.<\/p>\n<p style=\"text-align: justify;\">Actualmente existen dos procesos ante la Comisi\u00f3n Interamericana de Derechos Humanos (CIDH) por ese hecho, que han exigido pagos de resarcimientos y de castigo contra los responsables de esas ejecuciones.<\/p>\n<p style=\"text-align: justify;\">La encuesta de Diagnosis fue realizada entre el 20 y el 21 de abril de 2024, a hombres y mujeres de entre 18 y 65 a\u00f1os de edad. El trabajo consult\u00f3 en 1.800 encuestas en las \u00e1reas urbana y rural de los nueve departamentos del pa\u00eds. El error muestral es de +\/- 2,31%.<\/p>\n<p style=\"text-align: justify;\">El reporte de la empresa se\u00f1ala que \u201cla base social que cree en la inocencia de Evo se achic\u00f3 en este lapso del 21% al 17%\u201dy agrega que \u201cni siquiera quienes tienen una opini\u00f3n positiva del expresidente est\u00e1n convencidos de la inocencia de Evo\u201d.<\/p>\n<p style=\"text-align: justify;\">La idea dominante es: \u201caunque Evo es culpable es dif\u00edcil que sea condenado por el peso pol\u00edtico del MAS y del propio expresidente\u201d.<\/p>\n","protected":false},"excerpt":{"rendered":"<p>La poblaci\u00f3n que cree que Evo Morales es responsable de violaciones a los derechos humanos en el caso hotel Las Am\u00e9ricas aument\u00f3 a 61% seg\u00fan una reciente encuesta de la empresa Diagnosis. En octubre de 2022, la misma pregunta reflejaba que el 52% cre\u00eda que Morales era responsable. Quienes creen que no vulner\u00f3 derechos humanos [&hellip;]<\/p>\n","protected":false},"author":4,"featured_media":65680,"comment_status":"open","ping_status":"closed","sticky":false,"template":"","format":"standard","meta":{"footnotes":""},"categories":[20],"tags":[],"class_list":{"0":"post-65679","1":"post","2":"type-post","3":"status-publish","4":"format-standard","5":"has-post-thumbnail","7":"category-actualidad"},"_links":{"self":[{"href":"https:\/\/jms.com.bo\/mediamonitor\/wp-json\/wp\/v2\/posts\/65679","targetHints":{"allow":["GET"]}}],"collection":[{"href":"https:\/\/jms.com.bo\/mediamonitor\/wp-json\/wp\/v2\/posts"}],"about":[{"href":"https:\/\/jms.com.bo\/mediamonitor\/wp-json\/wp\/v2\/types\/post"}],"author":[{"embeddable":true,"href":"https:\/\/jms.com.bo\/mediamonitor\/wp-json\/wp\/v2\/users\/4"}],"replies":[{"embeddable":true,"href":"https:\/\/jms.com.bo\/mediamonitor\/wp-json\/wp\/v2\/comments?post=65679"}],"version-history":[{"count":0,"href":"https:\/\/jms.com.bo\/mediamonitor\/wp-json\/wp\/v2\/posts\/65679\/revisions"}],"wp:featuredmedia":[{"embeddable":true,"href":"https:\/\/jms.com.bo\/mediamonitor\/wp-json\/wp\/v2\/media\/65680"}],"wp:attachment":[{"href":"https:\/\/jms.com.bo\/mediamonitor\/wp-json\/wp\/v2\/media?parent=65679"}],"wp:term":[{"taxonomy":"category","embeddable":true,"href":"https:\/\/jms.com.bo\/mediamonitor\/wp-json\/wp\/v2\/categories?post=65679"},{"taxonomy":"post_tag","embeddable":true,"href":"https:\/\/jms.com.bo\/mediamonitor\/wp-json\/wp\/v2\/tags?post=65679"}],"curies":[{"name":"wp","href":"https:\/\/api.w.org\/{rel}","templated":true}]}}