{"id":65681,"date":"2024-05-03T06:44:25","date_gmt":"2024-05-03T10:44:25","guid":{"rendered":"https:\/\/jms.com.bo\/mediamonitor\/2024\/05\/03\/retroactivo-debe-ser-pagado-hasta-el-31-de-mayo-las-denuncias-por-incumplimiento-se-recibiran-desde-el-1-de-junio\/"},"modified":"2024-05-03T06:44:25","modified_gmt":"2024-05-03T10:44:25","slug":"retroactivo-debe-ser-pagado-hasta-el-31-de-mayo-las-denuncias-por-incumplimiento-se-recibiran-desde-el-1-de-junio","status":"publish","type":"post","link":"https:\/\/jms.com.bo\/mediamonitor\/2024\/05\/03\/retroactivo-debe-ser-pagado-hasta-el-31-de-mayo-las-denuncias-por-incumplimiento-se-recibiran-desde-el-1-de-junio\/","title":{"rendered":"Retroactivo debe ser pagado hasta el 31 de mayo; las denuncias por incumplimiento se recibir\u00e1n desde el 1 de junio"},"content":{"rendered":"<p style=\"text-align: justify;\">El retroactivo correspondiente al incremento salarial decretado por el Gobierno debe ser pagado hasta el 31 de mayo, inform\u00f3 el Ministerio de Trabajo.<\/p>\n<p style=\"text-align: justify;\">\u201cSe ha determinado que el incremento salarial es retroactivo al primero de enero y que su pago debe realizarse hasta el 31 de mayo de la presente gesti\u00f3n\u201d, afirm\u00f3 el director General de Trabajo, Yecid Mollinedo.<\/p>\n<p style=\"text-align: justify;\">Este mi\u00e9rcoles el Gobierno promulg\u00f3 el decreto que establece el aumento del 5,85% para el salario m\u00ednimo (que llega a Bs 2.500) y del 3% para el haber b\u00e1sico.<\/p>\n<p style=\"text-align: justify;\">Las denuncias por incumplimiento de este pago se comenzar\u00e1n a recibir a partir del 1 de junio.<\/p>\n<p style=\"text-align: justify;\">Mollinedo inform\u00f3 que el Ministerio de Trabajo verificar\u00e1 si los empleadores cumplen con el incremento salarial.<\/p>\n<p style=\"text-align: justify;\">\u201cEl 1 de junio ya nosotros podemos recibir denuncias donde verifiquemos el incumplimiento en lo que se traduce en infracciones a leyes sociales\u201d, explic\u00f3.<\/p>\n<p style=\"text-align: justify;\">El incremento salarial fue rechazado por empresarios y microempresarios que cuestionaron que el Gobierno no haya dialogado con este sector al determinar el incremento.<\/p>\n","protected":false},"excerpt":{"rendered":"<p>El retroactivo correspondiente al incremento salarial decretado por el Gobierno debe ser pagado hasta el 31 de mayo, inform\u00f3 el Ministerio de Trabajo. \u201cSe ha determinado que el incremento salarial es retroactivo al primero de enero y que su pago debe realizarse hasta el 31 de mayo de la presente gesti\u00f3n\u201d, afirm\u00f3 el director General [&hellip;]<\/p>\n","protected":false},"author":4,"featured_media":65682,"comment_status":"open","ping_status":"closed","sticky":false,"template":"","format":"standard","meta":{"footnotes":""},"categories":[20],"tags":[],"class_list":{"0":"post-65681","1":"post","2":"type-post","3":"status-publish","4":"format-standard","5":"has-post-thumbnail","7":"category-actualidad"},"_links":{"self":[{"href":"https:\/\/jms.com.bo\/mediamonitor\/wp-json\/wp\/v2\/posts\/65681","targetHints":{"allow":["GET"]}}],"collection":[{"href":"https:\/\/jms.com.bo\/mediamonitor\/wp-json\/wp\/v2\/posts"}],"about":[{"href":"https:\/\/jms.com.bo\/mediamonitor\/wp-json\/wp\/v2\/types\/post"}],"author":[{"embeddable":true,"href":"https:\/\/jms.com.bo\/mediamonitor\/wp-json\/wp\/v2\/users\/4"}],"replies":[{"embeddable":true,"href":"https:\/\/jms.com.bo\/mediamonitor\/wp-json\/wp\/v2\/comments?post=65681"}],"version-history":[{"count":0,"href":"https:\/\/jms.com.bo\/mediamonitor\/wp-json\/wp\/v2\/posts\/65681\/revisions"}],"wp:featuredmedia":[{"embeddable":true,"href":"https:\/\/jms.com.bo\/mediamonitor\/wp-json\/wp\/v2\/media\/65682"}],"wp:attachment":[{"href":"https:\/\/jms.com.bo\/mediamonitor\/wp-json\/wp\/v2\/media?parent=65681"}],"wp:term":[{"taxonomy":"category","embeddable":true,"href":"https:\/\/jms.com.bo\/mediamonitor\/wp-json\/wp\/v2\/categories?post=65681"},{"taxonomy":"post_tag","embeddable":true,"href":"https:\/\/jms.com.bo\/mediamonitor\/wp-json\/wp\/v2\/tags?post=65681"}],"curies":[{"name":"wp","href":"https:\/\/api.w.org\/{rel}","templated":true}]}}