{"id":65683,"date":"2024-05-03T06:46:19","date_gmt":"2024-05-03T10:46:19","guid":{"rendered":"https:\/\/jms.com.bo\/mediamonitor\/2024\/05\/03\/por-falta-de-acuerdo-diputados-no-sesionan-y-frenan-nuevamente-la-adhesion-de-bolivia-al-mercosur\/"},"modified":"2024-05-03T06:46:19","modified_gmt":"2024-05-03T10:46:19","slug":"por-falta-de-acuerdo-diputados-no-sesionan-y-frenan-nuevamente-la-adhesion-de-bolivia-al-mercosur","status":"publish","type":"post","link":"https:\/\/jms.com.bo\/mediamonitor\/2024\/05\/03\/por-falta-de-acuerdo-diputados-no-sesionan-y-frenan-nuevamente-la-adhesion-de-bolivia-al-mercosur\/","title":{"rendered":"Por falta de acuerdo, Diputados no sesionan y frenan nuevamente la adhesi\u00f3n de Bolivia al Mercosur"},"content":{"rendered":"<p style=\"text-align: justify;\">Como ocurre desde hace cuatro meses, la falta de acuerdo sobre el orden del d\u00eda en la C\u00e1mara de Diputados impidi\u00f3 que se instale la sesi\u00f3n y despu\u00e9s de m\u00e1s de siete horas de infructuoso debate, la sesi\u00f3n fue suspendida y la Canciller\u00eda se qued\u00f3 esperando la aprobaci\u00f3n del proyecto de Ley que ratifica la adhesi\u00f3n de Bolivia al Mercado Com\u00fan del Sur (Mercosur).<\/p>\n<p style=\"text-align: justify;\">\u201cSe ha logrado la aprobaci\u00f3n por las asambleas legislativas, por los congresos de todos los estados miembros del Mercosur y solamente resta el paso final que la Asamblea Legislativa apruebe este proyecto de ley tan importante para nuestra econom\u00eda y para los connacionales bolivianos que est\u00e1n viviendo en Argentina y en Brasil, es muy importante\u201d, reclam\u00f3 el viceministro de Comercio Exterior, Hu\u00e1scar Ajata.<\/p>\n<p style=\"text-align: justify;\">La tarde de este jueves se convoc\u00f3 a sesi\u00f3n de la C\u00e1mara de Diputados que se re\u00fane una sola vez al mes y la agenda ten\u00eda cuatro puntos: la adhesi\u00f3n de Bolivia al Mercosur, un cr\u00e9dito internacional de $us 43 millones, un traspaso de terreno y una declaratoria, pero la sesi\u00f3n no se instal\u00f3 nunca.<\/p>\n<p style=\"text-align: justify;\">Al final, el orden del d\u00eda fue sometido a votaci\u00f3n y los opositores se impusieron por 54 votos contra 45 del oficialismo. Eso significaba que el orden del d\u00eda deb\u00eda ser modificado; pero nuevamente el presidente de la C\u00e1mara de Diputados se neg\u00f3 a aplicar los resultados de la votaci\u00f3n y opt\u00f3 por suspender la sesi\u00f3n sin fecha, lo que desat\u00f3 nuevamente la protesta de los opositores.<\/p>\n<p style=\"text-align: justify;\">Huaytari no puede instalar una sesi\u00f3n desde enero de este a\u00f1o porque los opositores y el ala evista del MAS exigen que sean tratados los proyectos de ley 073 y 074, que anula la pr\u00f3rroga que tienen los altos jueces del \u00d3rgano Judicial. Incluso hubo un \u201cacuerdo\u201d entre las dos c\u00e1maras para que se consideren estos dos proyectos, pero el arcismo reniega de los mismos y prolonga su tratamiento.<\/p>\n<p style=\"text-align: justify;\">Como respuesta, los opositores y los evistas se niegan a instalar sesiones y las escasas reuniones que se instalaron no lograron avanzar ni siquiera un punto de lo que se proponen. Mientras en el Senado tampoco avanzan los cr\u00e9ditos que reclama el Gobierno. De tal modo que, la Asamblea est\u00e1 paralizada.<\/p>\n<p style=\"text-align: justify;\">Ajata dijo que no existe un plazo para que Bolivia apruebe el protocolo de adhesi\u00f3n, no obstante dijo que la demora de este acto impide a bolivianos residentes en los pa\u00edses del grupo acceder a beneficios que brinda el tratado y a los empresarios, acceder a mercados.<\/p>\n","protected":false},"excerpt":{"rendered":"<p>Como ocurre desde hace cuatro meses, la falta de acuerdo sobre el orden del d\u00eda en la C\u00e1mara de Diputados impidi\u00f3 que se instale la sesi\u00f3n y despu\u00e9s de m\u00e1s de siete horas de infructuoso debate, la sesi\u00f3n fue suspendida y la Canciller\u00eda se qued\u00f3 esperando la aprobaci\u00f3n del proyecto de Ley que ratifica la [&hellip;]<\/p>\n","protected":false},"author":4,"featured_media":65684,"comment_status":"open","ping_status":"closed","sticky":false,"template":"","format":"standard","meta":{"footnotes":""},"categories":[20,47,48],"tags":[],"class_list":{"0":"post-65683","1":"post","2":"type-post","3":"status-publish","4":"format-standard","5":"has-post-thumbnail","7":"category-actualidad","8":"category-portada-actualidad","9":"category-portada-general-sitio"},"_links":{"self":[{"href":"https:\/\/jms.com.bo\/mediamonitor\/wp-json\/wp\/v2\/posts\/65683","targetHints":{"allow":["GET"]}}],"collection":[{"href":"https:\/\/jms.com.bo\/mediamonitor\/wp-json\/wp\/v2\/posts"}],"about":[{"href":"https:\/\/jms.com.bo\/mediamonitor\/wp-json\/wp\/v2\/types\/post"}],"author":[{"embeddable":true,"href":"https:\/\/jms.com.bo\/mediamonitor\/wp-json\/wp\/v2\/users\/4"}],"replies":[{"embeddable":true,"href":"https:\/\/jms.com.bo\/mediamonitor\/wp-json\/wp\/v2\/comments?post=65683"}],"version-history":[{"count":0,"href":"https:\/\/jms.com.bo\/mediamonitor\/wp-json\/wp\/v2\/posts\/65683\/revisions"}],"wp:featuredmedia":[{"embeddable":true,"href":"https:\/\/jms.com.bo\/mediamonitor\/wp-json\/wp\/v2\/media\/65684"}],"wp:attachment":[{"href":"https:\/\/jms.com.bo\/mediamonitor\/wp-json\/wp\/v2\/media?parent=65683"}],"wp:term":[{"taxonomy":"category","embeddable":true,"href":"https:\/\/jms.com.bo\/mediamonitor\/wp-json\/wp\/v2\/categories?post=65683"},{"taxonomy":"post_tag","embeddable":true,"href":"https:\/\/jms.com.bo\/mediamonitor\/wp-json\/wp\/v2\/tags?post=65683"}],"curies":[{"name":"wp","href":"https:\/\/api.w.org\/{rel}","templated":true}]}}