{"id":65685,"date":"2024-05-03T06:47:30","date_gmt":"2024-05-03T10:47:30","guid":{"rendered":"https:\/\/jms.com.bo\/mediamonitor\/2024\/05\/03\/evo-pide-bajar-o-congelar-sueldo-de-arce-y-gabinete\/"},"modified":"2024-05-03T06:47:30","modified_gmt":"2024-05-03T10:47:30","slug":"evo-pide-bajar-o-congelar-sueldo-de-arce-y-gabinete","status":"publish","type":"post","link":"https:\/\/jms.com.bo\/mediamonitor\/2024\/05\/03\/evo-pide-bajar-o-congelar-sueldo-de-arce-y-gabinete\/","title":{"rendered":"Evo pide bajar o congelar sueldo de Arce y gabinete"},"content":{"rendered":"<p style=\"text-align: justify;\">El expresidente Evo Morales critic\u00f3 este mi\u00e9rcoles la decisi\u00f3n del Gobierno de incluir al presidente Luis Arce, al vicepresidente David Choquehuanca y a los ministros de Estado como beneficiarios del incremento salarial de este a\u00f1o, por lo que pidi\u00f3 congelar o bajar esos salarios ante la \u201cgrave crisis econ\u00f3mica\u201d que enfrenta el pa\u00eds.<\/p>\n<p style=\"text-align: justify;\">\u201cCuando llegamos a la Presidencia en 2006, el pa\u00eds atravesaba tambi\u00e9n una grave crisis econ\u00f3mica. Lo primero que hicimos fue rebajar el sueldo del presidente, vicepresidente y ministros. En medio de la actual crisis, no se puede hablar de austeridad sin que los servidores p\u00fablicos sean los primeros en dar el ejemplo. Deber\u00edan congelar o rebajarse los sueldos como se\u00f1al de que acompa\u00f1an al pueblo en esta situaci\u00f3n cada vez peor\u201d, expres\u00f3 el exmandatario en sus redes sociales.<\/p>\n<p style=\"text-align: justify;\">El pasado domingo, Arce afirm\u00f3 que \u201cel gas se ha agotado\u201d y que \u201cno hay de d\u00f3nde sacar plata\u201d para atender el pedido de m\u00e1s obras por parte de la la poblaci\u00f3n, ya que el pa\u00eds hoy no cuenta con los mismos ingresos que ten\u00eda en el gobierno de Morales.<\/p>\n<p style=\"text-align: justify;\">Adem\u00e1s, acus\u00f3 al \u2018evismo\u2019 de ser el culpable de las bajas calificaciones crediticias internacionales de Bolivia al se\u00f1alar que este decidi\u00f3 bloquear los cr\u00e9ditos externos que tiene pendientes el Legislativo.<\/p>\n<p style=\"text-align: justify;\">El presidente de la C\u00e1mara de Diputados, Israel Huaytari, que responde al ala \u2018arcista\u2019 del MAS, por su lado, expres\u00f3 su desacuerdo con que el incremento salarial tambi\u00e9n alcance a las altas autoridades del Gobierno y el Legislativo.<\/p>\n<p style=\"text-align: justify;\">\u201cHay funcionarios, trabajadores que ganan menos de Bs 3.000. (Ellos) tambi\u00e9n necesitan. A ellos s\u00ed se les puede aumentar. Sin embargo, a los que tienen un sueldo de Bs 15.000, Bs 10.000, Bs 20.000, no me parece correcto\u201d, se\u00f1al\u00f3 el titular de la C\u00e1mara Baja.<\/p>\n<p style=\"text-align: justify;\">La viceministra del Tesoro y Cr\u00e9dito P\u00fablico del Ministerio de Econom\u00eda, Juana Jim\u00e9nez, por su lado, defendi\u00f3 el incremento salarial, de un 3% al b\u00e1sido y un 5,85% al m\u00ednimo nacional, y se\u00f1al\u00f3 que este genearar\u00e1 una \u201cmayor actividad econ\u00f3mica, una demanda agregada y un dinamismo en la econom\u00eda\u201d, por lo que no solo se beneficiar\u00e1n el sector asalariado, seg\u00fan indic\u00f3.<\/p>\n<p style=\"text-align: justify;\">\n","protected":false},"excerpt":{"rendered":"<p>El expresidente Evo Morales critic\u00f3 este mi\u00e9rcoles la decisi\u00f3n del Gobierno de incluir al presidente Luis Arce, al vicepresidente David Choquehuanca y a los ministros de Estado como beneficiarios del incremento salarial de este a\u00f1o, por lo que pidi\u00f3 congelar o bajar esos salarios ante la \u201cgrave crisis econ\u00f3mica\u201d que enfrenta el pa\u00eds. \u201cCuando llegamos [&hellip;]<\/p>\n","protected":false},"author":4,"featured_media":65686,"comment_status":"open","ping_status":"closed","sticky":false,"template":"","format":"standard","meta":{"footnotes":""},"categories":[18],"tags":[],"class_list":{"0":"post-65685","1":"post","2":"type-post","3":"status-publish","4":"format-standard","5":"has-post-thumbnail","7":"category-politica"},"_links":{"self":[{"href":"https:\/\/jms.com.bo\/mediamonitor\/wp-json\/wp\/v2\/posts\/65685","targetHints":{"allow":["GET"]}}],"collection":[{"href":"https:\/\/jms.com.bo\/mediamonitor\/wp-json\/wp\/v2\/posts"}],"about":[{"href":"https:\/\/jms.com.bo\/mediamonitor\/wp-json\/wp\/v2\/types\/post"}],"author":[{"embeddable":true,"href":"https:\/\/jms.com.bo\/mediamonitor\/wp-json\/wp\/v2\/users\/4"}],"replies":[{"embeddable":true,"href":"https:\/\/jms.com.bo\/mediamonitor\/wp-json\/wp\/v2\/comments?post=65685"}],"version-history":[{"count":0,"href":"https:\/\/jms.com.bo\/mediamonitor\/wp-json\/wp\/v2\/posts\/65685\/revisions"}],"wp:featuredmedia":[{"embeddable":true,"href":"https:\/\/jms.com.bo\/mediamonitor\/wp-json\/wp\/v2\/media\/65686"}],"wp:attachment":[{"href":"https:\/\/jms.com.bo\/mediamonitor\/wp-json\/wp\/v2\/media?parent=65685"}],"wp:term":[{"taxonomy":"category","embeddable":true,"href":"https:\/\/jms.com.bo\/mediamonitor\/wp-json\/wp\/v2\/categories?post=65685"},{"taxonomy":"post_tag","embeddable":true,"href":"https:\/\/jms.com.bo\/mediamonitor\/wp-json\/wp\/v2\/tags?post=65685"}],"curies":[{"name":"wp","href":"https:\/\/api.w.org\/{rel}","templated":true}]}}