{"id":65717,"date":"2024-05-06T06:45:46","date_gmt":"2024-05-06T10:45:46","guid":{"rendered":"https:\/\/jms.com.bo\/mediamonitor\/2024\/05\/06\/andecop-anuncia-posible-incremento-de-pensiones-escolares-tras-alza-salarial\/"},"modified":"2024-05-06T06:45:46","modified_gmt":"2024-05-06T10:45:46","slug":"andecop-anuncia-posible-incremento-de-pensiones-escolares-tras-alza-salarial","status":"publish","type":"post","link":"https:\/\/jms.com.bo\/mediamonitor\/2024\/05\/06\/andecop-anuncia-posible-incremento-de-pensiones-escolares-tras-alza-salarial\/","title":{"rendered":"Andecop anuncia posible incremento de pensiones escolares tras alza salarial"},"content":{"rendered":"<p style=\"text-align: justify;\">La Asociaci\u00f3n Nacional de Colegios Particulares (Andecop) anunci\u00f3 su intenci\u00f3n de incrementar las pensiones escolares a partir del 1 de mayo, en sinton\u00eda con el alza salarial decretada por el Gobierno para este a\u00f1o. El anuncio ya gener\u00f3 el rechazo de padres de familia y autoridades educativas, quienes se\u00f1alan que no existe autorizaci\u00f3n para tal medida.<\/p>\n<p style=\"text-align: justify;\">Antonio Villena, representante de Andecop, explic\u00f3 que el incremento se enmarcar\u00eda en los porcentajes establecidos para el alza salarial de 2024, que oscilan entre el 3% para el salario b\u00e1sico y el 5,85% para el m\u00ednimo nacional.<\/p>\n<p style=\"text-align: justify;\">Sin embargo, aclar\u00f3 que la decisi\u00f3n final sobre el porcentaje de aumento recaer\u00e1 en cada colegio, por lo que no ser\u00eda uniforme para todos. Afirm\u00f3 que se buscar\u00e1 llegar a un entendimiento con los padres mediante la socializaci\u00f3n de la medida.<\/p>\n<p style=\"text-align: justify;\">Padres de familia rechazan el incremento<\/p>\n<p style=\"text-align: justify;\">Por su parte, Ra\u00fal C\u00f3rdova, secretario de la Asociaci\u00f3n de Padres de Familia de Colegios Particulares, rechaz\u00f3 rotundamente la decisi\u00f3n de Andecop, argumentando que el 80% de los padres no se beneficia del incremento salarial al no ser trabajadores dependientes. Adem\u00e1s, record\u00f3 que la resoluci\u00f3n ministerial 01\/2024 proh\u00edbe el aumento de las pensiones para este a\u00f1o.<\/p>\n<p style=\"text-align: justify;\">En la misma l\u00ednea, el viceministro de Educaci\u00f3n Regular, Manuel Tejerina, calific\u00f3 el posible incremento como un \u00abatentado contra la econom\u00eda de las familias\u00bb y reiter\u00f3 que no existe autorizaci\u00f3n para tal medida.<\/p>\n<p style=\"text-align: justify;\">La autoridad enfatiz\u00f3 que la resoluci\u00f3n ministerial 01\/24 sigue vigente y exhort\u00f3 a los padres a denunciar ante las autoridades educativas cualquier intento de cobrar un aumento en las pensiones.<\/p>\n<p style=\"text-align: justify;\">\u201cEn el caso que se aplique o que quieran ellos aplicar, es importante que el padre de familia ponga en conocimiento en las instancias respectivas\u201d, advirti\u00f3 Tejerina.<\/p>\n","protected":false},"excerpt":{"rendered":"<p>La Asociaci\u00f3n Nacional de Colegios Particulares (Andecop) anunci\u00f3 su intenci\u00f3n de incrementar las pensiones escolares a partir del 1 de mayo, en sinton\u00eda con el alza salarial decretada por el Gobierno para este a\u00f1o. El anuncio ya gener\u00f3 el rechazo de padres de familia y autoridades educativas, quienes se\u00f1alan que no existe autorizaci\u00f3n para tal [&hellip;]<\/p>\n","protected":false},"author":4,"featured_media":65718,"comment_status":"open","ping_status":"closed","sticky":false,"template":"","format":"standard","meta":{"footnotes":""},"categories":[49],"tags":[],"class_list":{"0":"post-65717","1":"post","2":"type-post","3":"status-publish","4":"format-standard","5":"has-post-thumbnail","7":"category-social"},"_links":{"self":[{"href":"https:\/\/jms.com.bo\/mediamonitor\/wp-json\/wp\/v2\/posts\/65717","targetHints":{"allow":["GET"]}}],"collection":[{"href":"https:\/\/jms.com.bo\/mediamonitor\/wp-json\/wp\/v2\/posts"}],"about":[{"href":"https:\/\/jms.com.bo\/mediamonitor\/wp-json\/wp\/v2\/types\/post"}],"author":[{"embeddable":true,"href":"https:\/\/jms.com.bo\/mediamonitor\/wp-json\/wp\/v2\/users\/4"}],"replies":[{"embeddable":true,"href":"https:\/\/jms.com.bo\/mediamonitor\/wp-json\/wp\/v2\/comments?post=65717"}],"version-history":[{"count":0,"href":"https:\/\/jms.com.bo\/mediamonitor\/wp-json\/wp\/v2\/posts\/65717\/revisions"}],"wp:featuredmedia":[{"embeddable":true,"href":"https:\/\/jms.com.bo\/mediamonitor\/wp-json\/wp\/v2\/media\/65718"}],"wp:attachment":[{"href":"https:\/\/jms.com.bo\/mediamonitor\/wp-json\/wp\/v2\/media?parent=65717"}],"wp:term":[{"taxonomy":"category","embeddable":true,"href":"https:\/\/jms.com.bo\/mediamonitor\/wp-json\/wp\/v2\/categories?post=65717"},{"taxonomy":"post_tag","embeddable":true,"href":"https:\/\/jms.com.bo\/mediamonitor\/wp-json\/wp\/v2\/tags?post=65717"}],"curies":[{"name":"wp","href":"https:\/\/api.w.org\/{rel}","templated":true}]}}