{"id":65719,"date":"2024-05-06T06:47:15","date_gmt":"2024-05-06T10:47:15","guid":{"rendered":"https:\/\/jms.com.bo\/mediamonitor\/2024\/05\/06\/empresarios-rechazan-amenazas-de-bloqueo-piden-aprobar-ley-para-sancionar-a-los-promotores\/"},"modified":"2024-05-06T06:47:15","modified_gmt":"2024-05-06T10:47:15","slug":"empresarios-rechazan-amenazas-de-bloqueo-piden-aprobar-ley-para-sancionar-a-los-promotores","status":"publish","type":"post","link":"https:\/\/jms.com.bo\/mediamonitor\/2024\/05\/06\/empresarios-rechazan-amenazas-de-bloqueo-piden-aprobar-ley-para-sancionar-a-los-promotores\/","title":{"rendered":"Empresarios rechazan amenazas de bloqueo, piden aprobar ley para sancionar a los promotores"},"content":{"rendered":"<p style=\"text-align: justify;\">El presidente de los Empresarios Privados de Cochabamba, Luis Laredo, rechaz\u00f3 las amenazas de seguidores de Evo Morales de imponer un nuevo bloqueo de caminos por lo que solicit\u00f3 a la Asamblea Legislativa aprobar el proyecto de ley que sanciona este tipo de medidas porque afectan a todo el pa\u00eds.<\/p>\n<p style=\"text-align: justify;\">\u201cEs importante que los sectores sociales empiecen a poder, si se quiere, sentarse a una mesa de negociaci\u00f3n, poder saldar sus diferencias, porque definitivamente no podemos ir nuevamente a bloquear porque nos estamos bloqueando, estamos bloqueando la econom\u00eda de Bolivia, nos estamos bloqueando como bolivianos\u201d, cuestion\u00f3.<\/p>\n<p style=\"text-align: justify;\">Consider\u00f3 que al ser un a\u00f1o preelectoral \u201cmuchos sectores sociales van a pedir\u201d distintas reivindicaciones, no obstante enfatiz\u00f3 que no es lo mejor \u201cir a un bloqueo\u201d, les sugiri\u00f3 pensar en \u201cotras alternativas\u201d.<\/p>\n<p style=\"text-align: justify;\">Los seguidores de Morales amenazaron con iniciar un bloqueo indefinido de caminos por la decisi\u00f3n del Tribunal Supremo Electoral (TSE), de supervisar el X Congreso del MAS-IPSP convocado por el Pacto de Unidad en la ciudad de El Alto, en cumplimiento a una determinaci\u00f3n judicial.<\/p>\n<p style=\"text-align: justify;\">En el c\u00f3nclave se elegir\u00e1 a la nueva direcci\u00f3n nacional del MAS-IPSP en lugar de la presidida por Morales.<\/p>\n<p style=\"text-align: justify;\">El diputado \u201cevista\u201d H\u00e9ctor Arce adelant\u00f3 que \u201cesta movilizaci\u00f3n no va a ser improvisada, no va a ser al achunte, sino, entiendo yo, por lo que he escuchado, se va a planificar bien\u201d.<\/p>\n<p style=\"text-align: justify;\">Ante esa decisi\u00f3n, Laredo anunci\u00f3 que su sector solicitar\u00e1 una audiencia al vicepresidente David Choquehuanca para explicar el proyecto de ley que presentaron para sancionar a los promotores de estas medidas con el fin de que sea aprobado.<\/p>\n<p style=\"text-align: justify;\">\u201cVamos a ver si el vicepresidente o el presidente de la Asamblea nos recibe precisamente para explicar nuestro proyecto de ley, porque realmente es importante en estos momentos\u201d, sostuvo.<\/p>\n<p style=\"text-align: justify;\">La propuesta apunta a sancionar a los manifestantes que comentan actos que vayan en contra de los derechos de las dem\u00e1s personas.<\/p>\n<p style=\"text-align: justify;\">Fue presentada durante el bloqueo que los seguidores de Morales cumplieron por 16 d\u00edas entre enero y febrero de este a\u00f1o y que provocaron un da\u00f1o econ\u00f3mico de cerca de $us 1.000 millones.<\/p>\n","protected":false},"excerpt":{"rendered":"<p>El presidente de los Empresarios Privados de Cochabamba, Luis Laredo, rechaz\u00f3 las amenazas de seguidores de Evo Morales de imponer un nuevo bloqueo de caminos por lo que solicit\u00f3 a la Asamblea Legislativa aprobar el proyecto de ley que sanciona este tipo de medidas porque afectan a todo el pa\u00eds. \u201cEs importante que los sectores [&hellip;]<\/p>\n","protected":false},"author":4,"featured_media":65720,"comment_status":"open","ping_status":"closed","sticky":false,"template":"","format":"standard","meta":{"footnotes":""},"categories":[49],"tags":[],"class_list":{"0":"post-65719","1":"post","2":"type-post","3":"status-publish","4":"format-standard","5":"has-post-thumbnail","7":"category-social"},"_links":{"self":[{"href":"https:\/\/jms.com.bo\/mediamonitor\/wp-json\/wp\/v2\/posts\/65719","targetHints":{"allow":["GET"]}}],"collection":[{"href":"https:\/\/jms.com.bo\/mediamonitor\/wp-json\/wp\/v2\/posts"}],"about":[{"href":"https:\/\/jms.com.bo\/mediamonitor\/wp-json\/wp\/v2\/types\/post"}],"author":[{"embeddable":true,"href":"https:\/\/jms.com.bo\/mediamonitor\/wp-json\/wp\/v2\/users\/4"}],"replies":[{"embeddable":true,"href":"https:\/\/jms.com.bo\/mediamonitor\/wp-json\/wp\/v2\/comments?post=65719"}],"version-history":[{"count":0,"href":"https:\/\/jms.com.bo\/mediamonitor\/wp-json\/wp\/v2\/posts\/65719\/revisions"}],"wp:featuredmedia":[{"embeddable":true,"href":"https:\/\/jms.com.bo\/mediamonitor\/wp-json\/wp\/v2\/media\/65720"}],"wp:attachment":[{"href":"https:\/\/jms.com.bo\/mediamonitor\/wp-json\/wp\/v2\/media?parent=65719"}],"wp:term":[{"taxonomy":"category","embeddable":true,"href":"https:\/\/jms.com.bo\/mediamonitor\/wp-json\/wp\/v2\/categories?post=65719"},{"taxonomy":"post_tag","embeddable":true,"href":"https:\/\/jms.com.bo\/mediamonitor\/wp-json\/wp\/v2\/tags?post=65719"}],"curies":[{"name":"wp","href":"https:\/\/api.w.org\/{rel}","templated":true}]}}