{"id":65721,"date":"2024-05-06T06:49:11","date_gmt":"2024-05-06T10:49:11","guid":{"rendered":"https:\/\/jms.com.bo\/mediamonitor\/2024\/05\/06\/la-fexco-2024-concluye-rompiendo-los-records-en-visitas-y-movimiento-economico\/"},"modified":"2024-05-06T06:49:11","modified_gmt":"2024-05-06T10:49:11","slug":"la-fexco-2024-concluye-rompiendo-los-records-en-visitas-y-movimiento-economico","status":"publish","type":"post","link":"https:\/\/jms.com.bo\/mediamonitor\/2024\/05\/06\/la-fexco-2024-concluye-rompiendo-los-records-en-visitas-y-movimiento-economico\/","title":{"rendered":"La Fexco 2024 concluye rompiendo los r\u00e9cords en visitas y movimiento econ\u00f3mico"},"content":{"rendered":"<p style=\"text-align: justify;\">La Feria Exposici\u00f3n Internacional de Cochabamba (Fexco) concluy\u00f3 ayer despu\u00e9s de 11 d\u00edas de actividad constante e intensa. Las cifras preliminares se\u00f1alan que se rompieron todos los record establecidos en eventos anteriores. Las empresas hicieron ofertas y promociones por el cierre.<\/p>\n<p style=\"text-align: justify;\">Alberto Arze, gerente General la Fexco, calific\u00f3 de exitoso el evento empresarial m\u00e1s grande del departamento. Aunque a\u00fan falta el informe oficial y final, hasta ayer al mediod\u00eda se ten\u00edan los siguientes n\u00fameros: 370 mil visitantes, 1.500 expositores y 175 millones de d\u00f3lares en movimiento econ\u00f3mico.<\/p>\n<p style=\"text-align: justify;\">\u201cNuestra meta de visitantes se superaron, las puertas ser\u00e1n cerradas desde las 21:00 de hoy (ayer) para que pueda realizar el sorteo de un veh\u00edculo y una motocicleta. Todos los objetivos planteados salieron como se planific\u00f3, tanto en cantidad de expositores, visitantes. Esta fue la Fexco de los r\u00e9cord\u201d, dijo Arze.<\/p>\n<p style=\"text-align: justify;\">Para Arze la poblaci\u00f3n respondi\u00f3 a las inversiones que realizaron, lo que servir\u00e1 para el mejoramiento de Cochabamba. \u201cGrandes inversiones, el esfuerzo y la uni\u00f3n de todos, eso fue la Fexco\u201d, a\u00f1adi\u00f3.<\/p>\n<p style=\"text-align: justify;\">\u201cLa rueda de negocios lleg\u00f3 a los 90 millones de d\u00f3lares, un \u00e9xito total. Todas las cifras que nos planteamos han sido superadas y tambi\u00e9n aquellos retos que nos planteamos como log\u00edstica como evitar las filas, tuvimos gran cantidad de personas, pero no la filas como el pasado a\u00f1o\u201d, se\u00f1al\u00f3.<\/p>\n<p style=\"text-align: justify;\">Resalt\u00f3 que los conciertos tuvieron una masiva concurrencia, pero con mucha seguridad que era el objetivo de cada evento social.<\/p>\n<p style=\"text-align: justify;\">Ofertas por cierre<\/p>\n<p style=\"text-align: justify;\">Familias enteras llegaron hasta al Fexco para participar del \u00faltimo d\u00eda de la feria donde se hizo una variedad de ofertas y promociones.<\/p>\n<p style=\"text-align: justify;\">Prendas de vestir, productos alimenticios, productos medicinales fueron expuestos en cada stand para que los visitantes puedan aprovechar las promociones.<\/p>\n<p style=\"text-align: justify;\">La belleza de las azafatas y el poder de convencimiento de las expositoras no permitieron que ninguna persona se vaya con las manos vac\u00edas a sus hogares.<\/p>\n<p style=\"text-align: justify;\">Las familias mostraron sus satisfacci\u00f3n esperan innovaciones para el siguiente a\u00f1o.<\/p>\n<p style=\"text-align: justify;\">Fexco 2025<\/p>\n<p style=\"text-align: justify;\">El Gerente General de la Fexco se\u00f1al\u00f3 que estar\u00e1n atentos para la licitaci\u00f3n que sea convocada por el Gobierno Aut\u00f3nomo municipal de Cochabamba para una administraci\u00f3n a largo plazo.<\/p>\n<p style=\"text-align: justify;\">\u201cEl contrato que tenemos como C\u00e1mara de Industria, Comercio y Servicio de Cochabamba (ICAM), termina este 30 de junio y vamos a estar ah\u00ed listos para presentarnos para la licitaci\u00f3n y Dios mediante para hacernos cargo de la administraci\u00f3n de los pr\u00f3ximos a\u00f1os\u201d, sostuvo.<\/p>\n","protected":false},"excerpt":{"rendered":"<p>La Feria Exposici\u00f3n Internacional de Cochabamba (Fexco) concluy\u00f3 ayer despu\u00e9s de 11 d\u00edas de actividad constante e intensa. Las cifras preliminares se\u00f1alan que se rompieron todos los record establecidos en eventos anteriores. Las empresas hicieron ofertas y promociones por el cierre. Alberto Arze, gerente General la Fexco, calific\u00f3 de exitoso el evento empresarial m\u00e1s grande [&hellip;]<\/p>\n","protected":false},"author":4,"featured_media":65722,"comment_status":"open","ping_status":"closed","sticky":false,"template":"","format":"standard","meta":{"footnotes":""},"categories":[20],"tags":[],"class_list":{"0":"post-65721","1":"post","2":"type-post","3":"status-publish","4":"format-standard","5":"has-post-thumbnail","7":"category-actualidad"},"_links":{"self":[{"href":"https:\/\/jms.com.bo\/mediamonitor\/wp-json\/wp\/v2\/posts\/65721","targetHints":{"allow":["GET"]}}],"collection":[{"href":"https:\/\/jms.com.bo\/mediamonitor\/wp-json\/wp\/v2\/posts"}],"about":[{"href":"https:\/\/jms.com.bo\/mediamonitor\/wp-json\/wp\/v2\/types\/post"}],"author":[{"embeddable":true,"href":"https:\/\/jms.com.bo\/mediamonitor\/wp-json\/wp\/v2\/users\/4"}],"replies":[{"embeddable":true,"href":"https:\/\/jms.com.bo\/mediamonitor\/wp-json\/wp\/v2\/comments?post=65721"}],"version-history":[{"count":0,"href":"https:\/\/jms.com.bo\/mediamonitor\/wp-json\/wp\/v2\/posts\/65721\/revisions"}],"wp:featuredmedia":[{"embeddable":true,"href":"https:\/\/jms.com.bo\/mediamonitor\/wp-json\/wp\/v2\/media\/65722"}],"wp:attachment":[{"href":"https:\/\/jms.com.bo\/mediamonitor\/wp-json\/wp\/v2\/media?parent=65721"}],"wp:term":[{"taxonomy":"category","embeddable":true,"href":"https:\/\/jms.com.bo\/mediamonitor\/wp-json\/wp\/v2\/categories?post=65721"},{"taxonomy":"post_tag","embeddable":true,"href":"https:\/\/jms.com.bo\/mediamonitor\/wp-json\/wp\/v2\/tags?post=65721"}],"curies":[{"name":"wp","href":"https:\/\/api.w.org\/{rel}","templated":true}]}}