{"id":65725,"date":"2024-05-06T06:52:28","date_gmt":"2024-05-06T10:52:28","guid":{"rendered":"https:\/\/jms.com.bo\/mediamonitor\/2024\/05\/06\/proyectan-la-emision-de-mas-de-2-millones-de-cedulas-de-identidad-en-bolivia-y-el-exterior-este-2024\/"},"modified":"2024-05-06T06:52:28","modified_gmt":"2024-05-06T10:52:28","slug":"proyectan-la-emision-de-mas-de-2-millones-de-cedulas-de-identidad-en-bolivia-y-el-exterior-este-2024","status":"publish","type":"post","link":"https:\/\/jms.com.bo\/mediamonitor\/2024\/05\/06\/proyectan-la-emision-de-mas-de-2-millones-de-cedulas-de-identidad-en-bolivia-y-el-exterior-este-2024\/","title":{"rendered":"Proyectan la emisi\u00f3n de m\u00e1s de 2 millones de c\u00e9dulas de identidad en Bolivia y el exterior este 2024"},"content":{"rendered":"<p style=\"text-align: justify;\">Para esta gesti\u00f3n, el Servicio General de Identificaci\u00f3n Personal (Segip) proyecta la emisi\u00f3n de m\u00e1s de 2 millones de c\u00e9dulas de identidad tanto en Bolivia como en el exterior.<\/p>\n<p style=\"text-align: justify;\">\u201cQueremos lograr que la mayor cantidad de bolivianas y bolivianos obtengan la nueva c\u00e9dula de identidad implementada por nuestro presidente Luis Arce, con dise\u00f1o y estructura renovados despu\u00e9s de 48 a\u00f1os\u201d, dijo la directora general del Segip, Patricia Hermosa.<\/p>\n<p style=\"text-align: justify;\">Esta instituci\u00f3n se traz\u00f3 como meta la emisi\u00f3n de 2.786.865 c\u00e9dulas de identidad en beneficio de los bolivianos y los connacionales que residen en el exterior.<\/p>\n<p style=\"text-align: justify;\">Asimismo, se prev\u00e9 que para la gesti\u00f3n 2025 se declare a Bolivia como un pa\u00eds libre de indocumentados en celebraci\u00f3n de su Bicentenario.<\/p>\n<p style=\"text-align: justify;\">Para cumplir con estas metas el Segip promover\u00e1 y ejecutar\u00e1 diversos programas operativos y acciones estrat\u00e9gicas para la emisi\u00f3n documental de c\u00e9dulas de identidad y licencias en todo el territorio nacional e incluso en el exterior.<\/p>\n","protected":false},"excerpt":{"rendered":"<p>Para esta gesti\u00f3n, el Servicio General de Identificaci\u00f3n Personal (Segip) proyecta la emisi\u00f3n de m\u00e1s de 2 millones de c\u00e9dulas de identidad tanto en Bolivia como en el exterior. \u201cQueremos lograr que la mayor cantidad de bolivianas y bolivianos obtengan la nueva c\u00e9dula de identidad implementada por nuestro presidente Luis Arce, con dise\u00f1o y estructura [&hellip;]<\/p>\n","protected":false},"author":4,"featured_media":65726,"comment_status":"open","ping_status":"closed","sticky":false,"template":"","format":"standard","meta":{"footnotes":""},"categories":[20,47,48],"tags":[],"class_list":{"0":"post-65725","1":"post","2":"type-post","3":"status-publish","4":"format-standard","5":"has-post-thumbnail","7":"category-actualidad","8":"category-portada-actualidad","9":"category-portada-general-sitio"},"_links":{"self":[{"href":"https:\/\/jms.com.bo\/mediamonitor\/wp-json\/wp\/v2\/posts\/65725","targetHints":{"allow":["GET"]}}],"collection":[{"href":"https:\/\/jms.com.bo\/mediamonitor\/wp-json\/wp\/v2\/posts"}],"about":[{"href":"https:\/\/jms.com.bo\/mediamonitor\/wp-json\/wp\/v2\/types\/post"}],"author":[{"embeddable":true,"href":"https:\/\/jms.com.bo\/mediamonitor\/wp-json\/wp\/v2\/users\/4"}],"replies":[{"embeddable":true,"href":"https:\/\/jms.com.bo\/mediamonitor\/wp-json\/wp\/v2\/comments?post=65725"}],"version-history":[{"count":0,"href":"https:\/\/jms.com.bo\/mediamonitor\/wp-json\/wp\/v2\/posts\/65725\/revisions"}],"wp:featuredmedia":[{"embeddable":true,"href":"https:\/\/jms.com.bo\/mediamonitor\/wp-json\/wp\/v2\/media\/65726"}],"wp:attachment":[{"href":"https:\/\/jms.com.bo\/mediamonitor\/wp-json\/wp\/v2\/media?parent=65725"}],"wp:term":[{"taxonomy":"category","embeddable":true,"href":"https:\/\/jms.com.bo\/mediamonitor\/wp-json\/wp\/v2\/categories?post=65725"},{"taxonomy":"post_tag","embeddable":true,"href":"https:\/\/jms.com.bo\/mediamonitor\/wp-json\/wp\/v2\/tags?post=65725"}],"curies":[{"name":"wp","href":"https:\/\/api.w.org\/{rel}","templated":true}]}}