{"id":65727,"date":"2024-05-06T06:53:52","date_gmt":"2024-05-06T10:53:52","guid":{"rendered":"https:\/\/jms.com.bo\/mediamonitor\/2024\/05\/06\/tuto-quiroga-mira-el-2025-y-cree-que-hay-condiciones-para-un-cambio-de-gobierno\/"},"modified":"2024-05-06T06:53:52","modified_gmt":"2024-05-06T10:53:52","slug":"tuto-quiroga-mira-el-2025-y-cree-que-hay-condiciones-para-un-cambio-de-gobierno","status":"publish","type":"post","link":"https:\/\/jms.com.bo\/mediamonitor\/2024\/05\/06\/tuto-quiroga-mira-el-2025-y-cree-que-hay-condiciones-para-un-cambio-de-gobierno\/","title":{"rendered":"Tuto Quiroga mira el 2025 y cree que hay condiciones para un cambio de gobierno"},"content":{"rendered":"<p style=\"text-align: justify;\">El expresidente Jorge Tuto Quiroga considera que, en las actuales circunstancias pol\u00edticas y econ\u00f3micas del pa\u00eds, hay condiciones para un cambio de gobierno el 2025 a consecuencia de la mala administraci\u00f3n de Evo Morales y Luis Arce Catacora.<\/p>\n<p style=\"text-align: justify;\">Considera que la situaci\u00f3n en que se encuentra el pa\u00eds hace inviable una pronta recuperaci\u00f3n de las reservas internacionales y la exportaci\u00f3n de gas. Por ello, lanz\u00f3 una propuesta para construir un \u00abpuente de salvaci\u00f3n macroecon\u00f3mica\u00bb mediante una inyecci\u00f3n de 12.000 millones de d\u00f3lares en los pr\u00f3ximos dos a tres a\u00f1os, comenzando en 2025.<\/p>\n<p style=\"text-align: justify;\">Quiroga explic\u00f3 que estos cr\u00e9ditos podr\u00edan obtenerse del Fondo Monetario Internacional (FMI) para equilibrar la balanza de pagos y encarar la renegociaci\u00f3n de la deuda externa, similar a lo que hizo durante su presidencia en 2001-2002, cuando logr\u00f3 la condonaci\u00f3n de 10.000 millones de d\u00f3lares de deuda privada, bilateral y multilateral.<\/p>\n<p style=\"text-align: justify;\">En su entrevista con Carlos Valverde, Quiroga se\u00f1al\u00f3 que en los primeros dos o tres a\u00f1os se podr\u00eda reducir el gasto p\u00fablico, cerrar empresas p\u00fablicas ineficientes, fortalecer las instituciones del Estado y desarrollar una lucha intensa contra el narcotr\u00e1fico.<\/p>\n<p style=\"text-align: justify;\">Adem\u00e1s, mencion\u00f3 que la implementaci\u00f3n de este plan macroecon\u00f3mico permitir\u00eda revitalizar la industria del gas, proyectar la producci\u00f3n de litio y potenciar la agroexportaci\u00f3n, lo que implica abrir la puerta a inversiones con la mayor celeridad posible mediante cambios en las leyes y las instituciones.<\/p>\n<p style=\"text-align: justify;\">Tuto manifest\u00f3 que sin gas no habr\u00e1 desarrollot del litio ni del parque industrial en Santa Cruz y adem\u00e1s advirti\u00f3 que la escasez de gas podr\u00eda afectar severamente a los hogares y al sector vehicular, ya que \u00abestamos en camino de quedarnos sin gas, teniendo que importar gas de Vaca Muerta y cobrando a la gente 7 y 8 veces m\u00e1s\u00bb de lo que cuesta actualmente.<\/p>\n<p style=\"text-align: justify;\">Quiroga tambi\u00e9n expres\u00f3 que no cree que la etiqueta de neoliberal, frecuentemente asignada a los opositores, tenga un impacto significativo en esta elecci\u00f3n. No obstante, anticipa que las elecciones de 2025 ser\u00e1n una lucha fundamental para la democracia, advirtiendo que, si el MAS se mantiene en el poder, se instaurar\u00e1 un r\u00e9gimen \u00abde comunismo puro y autoritario\u00bb, y que los opositores enfrentar\u00e1n graves represalias.<\/p>\n","protected":false},"excerpt":{"rendered":"<p>El expresidente Jorge Tuto Quiroga considera que, en las actuales circunstancias pol\u00edticas y econ\u00f3micas del pa\u00eds, hay condiciones para un cambio de gobierno el 2025 a consecuencia de la mala administraci\u00f3n de Evo Morales y Luis Arce Catacora. Considera que la situaci\u00f3n en que se encuentra el pa\u00eds hace inviable una pronta recuperaci\u00f3n de las [&hellip;]<\/p>\n","protected":false},"author":4,"featured_media":65728,"comment_status":"open","ping_status":"closed","sticky":false,"template":"","format":"standard","meta":{"footnotes":""},"categories":[18],"tags":[],"class_list":{"0":"post-65727","1":"post","2":"type-post","3":"status-publish","4":"format-standard","5":"has-post-thumbnail","7":"category-politica"},"_links":{"self":[{"href":"https:\/\/jms.com.bo\/mediamonitor\/wp-json\/wp\/v2\/posts\/65727","targetHints":{"allow":["GET"]}}],"collection":[{"href":"https:\/\/jms.com.bo\/mediamonitor\/wp-json\/wp\/v2\/posts"}],"about":[{"href":"https:\/\/jms.com.bo\/mediamonitor\/wp-json\/wp\/v2\/types\/post"}],"author":[{"embeddable":true,"href":"https:\/\/jms.com.bo\/mediamonitor\/wp-json\/wp\/v2\/users\/4"}],"replies":[{"embeddable":true,"href":"https:\/\/jms.com.bo\/mediamonitor\/wp-json\/wp\/v2\/comments?post=65727"}],"version-history":[{"count":0,"href":"https:\/\/jms.com.bo\/mediamonitor\/wp-json\/wp\/v2\/posts\/65727\/revisions"}],"wp:featuredmedia":[{"embeddable":true,"href":"https:\/\/jms.com.bo\/mediamonitor\/wp-json\/wp\/v2\/media\/65728"}],"wp:attachment":[{"href":"https:\/\/jms.com.bo\/mediamonitor\/wp-json\/wp\/v2\/media?parent=65727"}],"wp:term":[{"taxonomy":"category","embeddable":true,"href":"https:\/\/jms.com.bo\/mediamonitor\/wp-json\/wp\/v2\/categories?post=65727"},{"taxonomy":"post_tag","embeddable":true,"href":"https:\/\/jms.com.bo\/mediamonitor\/wp-json\/wp\/v2\/tags?post=65727"}],"curies":[{"name":"wp","href":"https:\/\/api.w.org\/{rel}","templated":true}]}}