{"id":65729,"date":"2024-05-06T06:55:41","date_gmt":"2024-05-06T10:55:41","guid":{"rendered":"https:\/\/jms.com.bo\/mediamonitor\/2024\/05\/06\/diputados-evistas-dicen-que-defenderan-con-sus-vidas-la-jefatura-de-morales-en-el-mas\/"},"modified":"2024-05-06T06:55:41","modified_gmt":"2024-05-06T10:55:41","slug":"diputados-evistas-dicen-que-defenderan-con-sus-vidas-la-jefatura-de-morales-en-el-mas","status":"publish","type":"post","link":"https:\/\/jms.com.bo\/mediamonitor\/2024\/05\/06\/diputados-evistas-dicen-que-defenderan-con-sus-vidas-la-jefatura-de-morales-en-el-mas\/","title":{"rendered":"Diputados \u2018evistas\u2019 dicen que defender\u00e1n con sus vidas la jefatura de Morales en el MAS"},"content":{"rendered":"<p style=\"text-align: justify;\">Los diputados radicales del bloque que apoya a Evo Morales en el Movimiento al Socialismo (MAS) insinuaron este domingo que defender\u00e1n con sus vidas a su l\u00edder si el Congreso en El Alto prosigue con la intenci\u00f3n de defenestrarlo.<\/p>\n<p style=\"text-align: justify;\">\u201cSiempre han sido las intenciones de que a Evo lo quieren defenestrar pol\u00edticamente porque le tienen miedo. Tenemos que defender hasta con nuestras vidas porque no es correcto, si as\u00ed lo fuera aceptar\u00edamos la derrota, pero no es as\u00ed\u201d, expuso Ramiro Benegas.<\/p>\n<p style=\"text-align: justify;\">A su turno, Freddy L\u00f3pez recalc\u00f3 que el congreso de El Alto es ilegal y que no est\u00e1 validado por la ley de Partidos Pol\u00edticos.<\/p>\n<p style=\"text-align: justify;\">\u201cEste congreso para nosotros no es legal, es un encuentro de pol\u00edticos fracasados. Pueden so\u00f1ar 10 veces expulsar al compa\u00f1ero Evo, pero no toman en cuenta que su congreso no tiene ning\u00fan sentido y no va a ser validado\u201d, acus\u00f3 L\u00f3pez.<\/p>\n<p style=\"text-align: justify;\">Morales en el MAS<br \/>\nEstos legisladores del \u201cmasismo\u201d no descartan acudir a instancias internacionales si los \u201carcistas\u201d contin\u00faan con la intenci\u00f3n de sacar a Morales del MAS.<\/p>\n<p style=\"text-align: justify;\">\u201cNo descartamos ir a instancias internacionales y de la justicia porque no existe un estado de derecho, nosotros mismos estamos indefensos en lo que es una justicia verdadera\u201d, acot\u00f3 Benegas.<\/p>\n<p style=\"text-align: justify;\">De viernes a domingo, los masistas del ala \u201carcista\u201d se re\u00fanen en un congreso que termin\u00f3 con la nueva directiva del MAS. As\u00ed como la intenci\u00f3n de refundar el instrumento pol\u00edtico.<\/p>\n<p style=\"text-align: justify;\">Por su lado, el bloque que apoya a Evo Morales realizar\u00e1 su congreso el 10 de julio en Villa Tunari.<\/p>\n","protected":false},"excerpt":{"rendered":"<p>Los diputados radicales del bloque que apoya a Evo Morales en el Movimiento al Socialismo (MAS) insinuaron este domingo que defender\u00e1n con sus vidas a su l\u00edder si el Congreso en El Alto prosigue con la intenci\u00f3n de defenestrarlo. \u201cSiempre han sido las intenciones de que a Evo lo quieren defenestrar pol\u00edticamente porque le tienen [&hellip;]<\/p>\n","protected":false},"author":4,"featured_media":65730,"comment_status":"open","ping_status":"closed","sticky":false,"template":"","format":"standard","meta":{"footnotes":""},"categories":[18],"tags":[],"class_list":{"0":"post-65729","1":"post","2":"type-post","3":"status-publish","4":"format-standard","5":"has-post-thumbnail","7":"category-politica"},"_links":{"self":[{"href":"https:\/\/jms.com.bo\/mediamonitor\/wp-json\/wp\/v2\/posts\/65729","targetHints":{"allow":["GET"]}}],"collection":[{"href":"https:\/\/jms.com.bo\/mediamonitor\/wp-json\/wp\/v2\/posts"}],"about":[{"href":"https:\/\/jms.com.bo\/mediamonitor\/wp-json\/wp\/v2\/types\/post"}],"author":[{"embeddable":true,"href":"https:\/\/jms.com.bo\/mediamonitor\/wp-json\/wp\/v2\/users\/4"}],"replies":[{"embeddable":true,"href":"https:\/\/jms.com.bo\/mediamonitor\/wp-json\/wp\/v2\/comments?post=65729"}],"version-history":[{"count":0,"href":"https:\/\/jms.com.bo\/mediamonitor\/wp-json\/wp\/v2\/posts\/65729\/revisions"}],"wp:featuredmedia":[{"embeddable":true,"href":"https:\/\/jms.com.bo\/mediamonitor\/wp-json\/wp\/v2\/media\/65730"}],"wp:attachment":[{"href":"https:\/\/jms.com.bo\/mediamonitor\/wp-json\/wp\/v2\/media?parent=65729"}],"wp:term":[{"taxonomy":"category","embeddable":true,"href":"https:\/\/jms.com.bo\/mediamonitor\/wp-json\/wp\/v2\/categories?post=65729"},{"taxonomy":"post_tag","embeddable":true,"href":"https:\/\/jms.com.bo\/mediamonitor\/wp-json\/wp\/v2\/tags?post=65729"}],"curies":[{"name":"wp","href":"https:\/\/api.w.org\/{rel}","templated":true}]}}