{"id":65731,"date":"2024-05-06T06:57:21","date_gmt":"2024-05-06T10:57:21","guid":{"rendered":"https:\/\/jms.com.bo\/mediamonitor\/2024\/05\/06\/el-mas-de-arce-elige-directiva-y-el-de-evo-esta-en-emergencia\/"},"modified":"2024-05-06T06:57:21","modified_gmt":"2024-05-06T10:57:21","slug":"el-mas-de-arce-elige-directiva-y-el-de-evo-esta-en-emergencia","status":"publish","type":"post","link":"https:\/\/jms.com.bo\/mediamonitor\/2024\/05\/06\/el-mas-de-arce-elige-directiva-y-el-de-evo-esta-en-emergencia\/","title":{"rendered":"El MAS de Arce elige directiva y el de Evo est\u00e1 en emergencia"},"content":{"rendered":"<p style=\"text-align: justify;\">Grover Garc\u00eda, dirigente de la Confederaci\u00f3n Sindical \u00danica de Trabajadores Campesinos de Bolivia (CSUTCB), fue elegido como el nuevo jefe nacional del Movimiento Al Socialismo (MAS), el que es af\u00edn a Luis Arce Catacora. Mientras que la facci\u00f3n que responde a Evo Morales Ayma se ha declarado en emergencia y asegur\u00f3 que el 18 mayo tomar\u00e1 una decisi\u00f3n sobre las medidas de presi\u00f3n a seguir.<\/p>\n<p style=\"text-align: justify;\">La refundaci\u00f3n del MAS<\/p>\n<p style=\"text-align: justify;\">\u00abEl se\u00f1or Evo Morales es el expresidente del Instrumento; hoy, el nuevo presidente soy yo, y contamos con una nueva directiva\u00bb, declar\u00f3 Garc\u00eda, quien tambi\u00e9n hizo un llamado a los cocaleros del Tr\u00f3pico de Cochabamba y a diversos sectores a sumarse al proyecto de reconducir el proceso de cambio.<\/p>\n<p style=\"text-align: justify;\">La nueva direcci\u00f3n nacional incluye al exsenador por La Paz, Fidel Surco, como representante de la Confederaci\u00f3n Sindical de Comunidades Interculturales de Bolivia, y a la tarije\u00f1a Julia Ramos de la Confederaci\u00f3n Nacional de Mujeres Campesinas Ind\u00edgenas Originarias de Bolivia \u201cBartolina Sisa\u201d, adem\u00e1s de un dirigente del Consejo Nacional de Ayllus y Markas del Qullasuyu (Conamaq) y del sector minero.<\/p>\n<p style=\"text-align: justify;\">Durante el congreso, se ratific\u00f3 el apoyo al gobierno de Lucho Arce y David Choquehuanca al haber sido elegido democr\u00e1ticamente. La direcci\u00f3n se comprometi\u00f3 a defender al gobierno ante las posibles movilizaciones y bloqueos de caminos anunciados por seguidores de Morales.<\/p>\n<p style=\"text-align: justify;\">Luis Arce: \u201cEstas importantes decisiones consolidan la refundaci\u00f3n del MAS-IPSP y demuestran que el proceso de cambio no tiene due\u00f1o\u201d<br \/>\nGarc\u00eda enfatiz\u00f3 que la nueva directiva se dedicar\u00e1 a cumplir las resoluciones del congreso de El Alto, incluyendo la convocatoria de un nuevo congreso para modificar el Estatuto Org\u00e1nico. Asegur\u00f3 que se ha acabado \u201cla era del dedazo\u00bb, y que todas las elecciones y decisiones ser\u00e1n tomadas de manera org\u00e1nica.<\/p>\n<p style=\"text-align: justify;\">El congreso tambi\u00e9n resolvi\u00f3 renovar las direcciones departamentales para garantizar su legalidad correspondiente.<\/p>\n<p style=\"text-align: justify;\">Ante el anuncio de bloqueos de caminos por parte de los seguidores de Morales, Garc\u00eda hizo un llamado a la reflexi\u00f3n, argumentando que los bloqueos solo perjudican a las familias trabajadoras.<\/p>\n<p style=\"text-align: justify;\">\u00abSi alguien incita y otros sectores buscan convulsionar, ser\u00e1n responsables de todas las dificultades y perjuicios ocasionados al pueblo boliviano. Exigiremos que todas las instituciones responsables de garantizar la libre circulaci\u00f3n cumplan con sus deberes. Esta directiva exigir\u00e1 que no se bloqueen los caminos\u00bb, advirti\u00f3.<\/p>\n<p style=\"text-align: justify;\">Arce saluda la elecci\u00f3n<\/p>\n<p style=\"text-align: justify;\">Conocida la elecci\u00f3n de Garc\u00eda como presidente del MAS, el Primer Mandatario recalc\u00f3 que se consolida la refundaci\u00f3n del Instrumento Pol\u00edtico.<\/p>\n<p style=\"text-align: justify;\">Salud\u00f3 \u201cla sabidur\u00eda y madurez pol\u00edtica\u201d de las organizaciones sociales y del pueblo boliviano, que llevaron adelante un \u201cexitoso\u201d X Congreso Nacional del MAS-IPSP en el municipio de El Alto.<\/p>\n<p style=\"text-align: justify;\">\u201cFelicitamos y deseamos los mejores \u00e9xitos al hermano Grover Garc\u00eda, electo como el nuevo Presidente de nuestro Instrumento Pol\u00edtico MAS IPSP, a la hermana Julia Ramos como Vicepresidenta y al hermano Fidel Surco que acompa\u00f1a en la Directiva\u201d, expres\u00f3 en sus redes sociales.<\/p>\n<p style=\"text-align: justify;\">\u201cEstas importantes decisiones consolidan la refundaci\u00f3n del MAS-IPSP y demuestran que el proceso de cambio no tiene due\u00f1o, porque le pertenece y es patrimonio del pueblo boliviano\u201d.<\/p>\n<p style=\"text-align: justify;\">El congreso del Pacto de Unidad arcista se llev\u00f3 a cabo durante tres d\u00edas en el coliseo de El Alto, con la participaci\u00f3n de aproximadamente 6.000 delegados de todo el pa\u00eds. El evento cont\u00f3 con un fuerte resguardo de unos 4.000 efectivos policiales que custodiaron los alrededores del coliseo \u00abH\u00e9roes de Octubre\u00bb de la ciudad.<\/p>\n<p style=\"text-align: justify;\">Garc\u00eda, dirigente de la Confederaci\u00f3n Sindical \u00danica de Trabajadores Campesinos de Bolivia (CUSTCB), exalcalde de Tiraque y expresidente de la direcci\u00f3n departamental del MAS-IPSP de Cochabamba, logr\u00f3 el total apoyo de los m\u00e1s de 3.600 congresistas de al menos 107 organizaciones sociales de todo el pa\u00eds.<\/p>\n","protected":false},"excerpt":{"rendered":"<p>Grover Garc\u00eda, dirigente de la Confederaci\u00f3n Sindical \u00danica de Trabajadores Campesinos de Bolivia (CSUTCB), fue elegido como el nuevo jefe nacional del Movimiento Al Socialismo (MAS), el que es af\u00edn a Luis Arce Catacora. Mientras que la facci\u00f3n que responde a Evo Morales Ayma se ha declarado en emergencia y asegur\u00f3 que el 18 mayo [&hellip;]<\/p>\n","protected":false},"author":4,"featured_media":65732,"comment_status":"open","ping_status":"closed","sticky":false,"template":"","format":"standard","meta":{"footnotes":""},"categories":[18,48,46],"tags":[],"class_list":{"0":"post-65731","1":"post","2":"type-post","3":"status-publish","4":"format-standard","5":"has-post-thumbnail","7":"category-politica","8":"category-portada-general-sitio","9":"category-portada-politica"},"_links":{"self":[{"href":"https:\/\/jms.com.bo\/mediamonitor\/wp-json\/wp\/v2\/posts\/65731","targetHints":{"allow":["GET"]}}],"collection":[{"href":"https:\/\/jms.com.bo\/mediamonitor\/wp-json\/wp\/v2\/posts"}],"about":[{"href":"https:\/\/jms.com.bo\/mediamonitor\/wp-json\/wp\/v2\/types\/post"}],"author":[{"embeddable":true,"href":"https:\/\/jms.com.bo\/mediamonitor\/wp-json\/wp\/v2\/users\/4"}],"replies":[{"embeddable":true,"href":"https:\/\/jms.com.bo\/mediamonitor\/wp-json\/wp\/v2\/comments?post=65731"}],"version-history":[{"count":0,"href":"https:\/\/jms.com.bo\/mediamonitor\/wp-json\/wp\/v2\/posts\/65731\/revisions"}],"wp:featuredmedia":[{"embeddable":true,"href":"https:\/\/jms.com.bo\/mediamonitor\/wp-json\/wp\/v2\/media\/65732"}],"wp:attachment":[{"href":"https:\/\/jms.com.bo\/mediamonitor\/wp-json\/wp\/v2\/media?parent=65731"}],"wp:term":[{"taxonomy":"category","embeddable":true,"href":"https:\/\/jms.com.bo\/mediamonitor\/wp-json\/wp\/v2\/categories?post=65731"},{"taxonomy":"post_tag","embeddable":true,"href":"https:\/\/jms.com.bo\/mediamonitor\/wp-json\/wp\/v2\/tags?post=65731"}],"curies":[{"name":"wp","href":"https:\/\/api.w.org\/{rel}","templated":true}]}}