{"id":65755,"date":"2024-05-07T06:38:15","date_gmt":"2024-05-07T10:38:15","guid":{"rendered":"https:\/\/jms.com.bo\/mediamonitor\/2024\/05\/07\/reportan-la-muerte-de-cuatro-personas-en-santa-cruz-con-sintomas-de-influenza\/"},"modified":"2024-05-07T06:38:15","modified_gmt":"2024-05-07T10:38:15","slug":"reportan-la-muerte-de-cuatro-personas-en-santa-cruz-con-sintomas-de-influenza","status":"publish","type":"post","link":"https:\/\/jms.com.bo\/mediamonitor\/2024\/05\/07\/reportan-la-muerte-de-cuatro-personas-en-santa-cruz-con-sintomas-de-influenza\/","title":{"rendered":"Reportan la muerte de cuatro personas en Santa Cruz con s\u00edntomas de influenza"},"content":{"rendered":"<p style=\"text-align: justify;\">En los \u00faltimos diez d\u00edas, cuatro personas, un beb\u00e9 de siete meses y tres mayores de edad fallecieron con s\u00edntomas de influenza en Santa Cruz. Desde el Servicio Departamental de Salud (Sedes) informaron que las muestras est\u00e1n en manos del comit\u00e9 cient\u00edfico instancia que es la encargada de confirmar si el deceso se debi\u00f3 a esta enfermedad. Si los estudios ratifican los fallecimientos por la influenza la cifra de v\u00edctimas fatales subir\u00e1 a 12.<\/p>\n<p style=\"text-align: justify;\">Jaime Bilbao, director del Sedes, indic\u00f3 que esta \u00faltima semana se reportaron 393 casos positivos de influenza y se logr\u00f3 vacunar a 10.900 personas contra la influenza.<\/p>\n<p style=\"text-align: justify;\">\u201cPese al panorama alentador, ha habido cuatro decesos m\u00e1s en los \u00faltimos diez d\u00edas. Las historias cl\u00ednicas de esas personas est\u00e1n en el comit\u00e9 cient\u00edfico y esperamos que ellos confirmen si realmente fallecieron por influenza u otra enfermedad\u201d, dijo Bilbao.<\/p>\n<p style=\"text-align: justify;\">Detall\u00f3 que entre los fallecidos, uno es menor de siete meses y los otros tres son personas mayores de 60 a\u00f1os.<\/p>\n<p style=\"text-align: justify;\">Bilbao insisti\u00f3 a las personas que acudan a los centros de salud m\u00e1s cercanos para hacerse vacunar contra la influenza.<\/p>\n<p style=\"text-align: justify;\">\u201cPedimos a la gente que vaya al centro m\u00e1s cercano de su domicilio. Tenemos la vacuna en los 64 centros urbanos y en los 400 centros rurales, es decir, que simplemente acuda al centro m\u00e1s cercano de su domicilio para ser vacunado\u201d, insisti\u00f3.<\/p>\n","protected":false},"excerpt":{"rendered":"<p>En los \u00faltimos diez d\u00edas, cuatro personas, un beb\u00e9 de siete meses y tres mayores de edad fallecieron con s\u00edntomas de influenza en Santa Cruz. Desde el Servicio Departamental de Salud (Sedes) informaron que las muestras est\u00e1n en manos del comit\u00e9 cient\u00edfico instancia que es la encargada de confirmar si el deceso se debi\u00f3 a [&hellip;]<\/p>\n","protected":false},"author":4,"featured_media":65756,"comment_status":"open","ping_status":"closed","sticky":false,"template":"","format":"standard","meta":{"footnotes":""},"categories":[53],"tags":[],"class_list":{"0":"post-65755","1":"post","2":"type-post","3":"status-publish","4":"format-standard","5":"has-post-thumbnail","7":"category-salud"},"_links":{"self":[{"href":"https:\/\/jms.com.bo\/mediamonitor\/wp-json\/wp\/v2\/posts\/65755","targetHints":{"allow":["GET"]}}],"collection":[{"href":"https:\/\/jms.com.bo\/mediamonitor\/wp-json\/wp\/v2\/posts"}],"about":[{"href":"https:\/\/jms.com.bo\/mediamonitor\/wp-json\/wp\/v2\/types\/post"}],"author":[{"embeddable":true,"href":"https:\/\/jms.com.bo\/mediamonitor\/wp-json\/wp\/v2\/users\/4"}],"replies":[{"embeddable":true,"href":"https:\/\/jms.com.bo\/mediamonitor\/wp-json\/wp\/v2\/comments?post=65755"}],"version-history":[{"count":0,"href":"https:\/\/jms.com.bo\/mediamonitor\/wp-json\/wp\/v2\/posts\/65755\/revisions"}],"wp:featuredmedia":[{"embeddable":true,"href":"https:\/\/jms.com.bo\/mediamonitor\/wp-json\/wp\/v2\/media\/65756"}],"wp:attachment":[{"href":"https:\/\/jms.com.bo\/mediamonitor\/wp-json\/wp\/v2\/media?parent=65755"}],"wp:term":[{"taxonomy":"category","embeddable":true,"href":"https:\/\/jms.com.bo\/mediamonitor\/wp-json\/wp\/v2\/categories?post=65755"},{"taxonomy":"post_tag","embeddable":true,"href":"https:\/\/jms.com.bo\/mediamonitor\/wp-json\/wp\/v2\/tags?post=65755"}],"curies":[{"name":"wp","href":"https:\/\/api.w.org\/{rel}","templated":true}]}}