{"id":65757,"date":"2024-05-07T06:40:18","date_gmt":"2024-05-07T10:40:18","guid":{"rendered":"https:\/\/jms.com.bo\/mediamonitor\/2024\/05\/07\/empresarios-alertan-del-encarecimiento-de-la-carne-de-pollo-si-hay-bloqueos-viales\/"},"modified":"2024-05-07T06:40:18","modified_gmt":"2024-05-07T10:40:18","slug":"empresarios-alertan-del-encarecimiento-de-la-carne-de-pollo-si-hay-bloqueos-viales","status":"publish","type":"post","link":"https:\/\/jms.com.bo\/mediamonitor\/2024\/05\/07\/empresarios-alertan-del-encarecimiento-de-la-carne-de-pollo-si-hay-bloqueos-viales\/","title":{"rendered":"Empresarios alertan del encarecimiento de la carne de pollo si hay bloqueos viales"},"content":{"rendered":"<p style=\"text-align: justify;\">Un nuevo bloqueo de carreteras, como lo anunciaron dirigentes del ala evista del Movimiento Al Socialismo (MAS), repercutir\u00e1 en el desabastecimiento de insumos para algunos sectores econ\u00f3micos de Cochabamba y el consiguiente aumento de precios para el consumidor, alert\u00f3 ayer el presidente de la Federaci\u00f3n de Entidades Empresariales Privadas de Cochabamba (FEPC), Luis Laredo Arellano.<\/p>\n<p style=\"text-align: justify;\">La posible obstrucci\u00f3n de las v\u00edas que unen a Cochabamba con el resto del pa\u00eds tendr\u00eda consecuencias perjudiciales para los sectores de alimentos y construcci\u00f3n.<\/p>\n<p style=\"text-align: justify;\">\u201cEl tema de alimentos es lo m\u00e1s delicado y sensible, porque los avicultores, un sector bastante importante aqu\u00ed, tiene una fuerte dependencia no solamente de Santa Cruz, sino tambi\u00e9n de otros lados en el abastecimiento de insumos para su producci\u00f3n\u201d, explic\u00f3 el presidente de la FEPC.<\/p>\n<p style=\"text-align: justify;\">El desabastecimiento de insumos provocado por los bloqueos viales repercute en el encarecimiento del costo de esos productos y las empresas del sector \u201cvan a tener que incrementar sus precios de venta final, afectando as\u00ed al consumidor, como ocurri\u00f3 en noviembre (de 2023) y entre enero y febrero de este a\u00f1o\u201d, se\u00f1al\u00f3 Laredo Arellano.<\/p>\n<p style=\"text-align: justify;\">El mismo efecto se observa en \u201calgunos casos en el sector de la construcci\u00f3n, porque muchos materiales para esa actividad son importados, como el fierro\u201d, y los bloqueos impiden su normal suministro.<\/p>\n<p style=\"text-align: justify;\">La preocupaci\u00f3n de los empresarios de Cochabamba es consecuencia de las amenazas de l\u00edderes evistas de ejecutar \u201cun bloqueo indefinido de caminos\u201d protestando contra la decisi\u00f3n del Tribunal Supremo Electoral (TSE), de supervisar el Congreso de ese partido convocado por el Pacto de Unidad af\u00edn a Luis Arce y realizado en El Alto el fin de semana pasado.<\/p>\n<p style=\"text-align: justify;\">\n","protected":false},"excerpt":{"rendered":"<p>Un nuevo bloqueo de carreteras, como lo anunciaron dirigentes del ala evista del Movimiento Al Socialismo (MAS), repercutir\u00e1 en el desabastecimiento de insumos para algunos sectores econ\u00f3micos de Cochabamba y el consiguiente aumento de precios para el consumidor, alert\u00f3 ayer el presidente de la Federaci\u00f3n de Entidades Empresariales Privadas de Cochabamba (FEPC), Luis Laredo Arellano. [&hellip;]<\/p>\n","protected":false},"author":4,"featured_media":65758,"comment_status":"open","ping_status":"closed","sticky":false,"template":"","format":"standard","meta":{"footnotes":""},"categories":[52],"tags":[],"class_list":{"0":"post-65757","1":"post","2":"type-post","3":"status-publish","4":"format-standard","5":"has-post-thumbnail","7":"category-alimentos-agroindustria"},"_links":{"self":[{"href":"https:\/\/jms.com.bo\/mediamonitor\/wp-json\/wp\/v2\/posts\/65757","targetHints":{"allow":["GET"]}}],"collection":[{"href":"https:\/\/jms.com.bo\/mediamonitor\/wp-json\/wp\/v2\/posts"}],"about":[{"href":"https:\/\/jms.com.bo\/mediamonitor\/wp-json\/wp\/v2\/types\/post"}],"author":[{"embeddable":true,"href":"https:\/\/jms.com.bo\/mediamonitor\/wp-json\/wp\/v2\/users\/4"}],"replies":[{"embeddable":true,"href":"https:\/\/jms.com.bo\/mediamonitor\/wp-json\/wp\/v2\/comments?post=65757"}],"version-history":[{"count":0,"href":"https:\/\/jms.com.bo\/mediamonitor\/wp-json\/wp\/v2\/posts\/65757\/revisions"}],"wp:featuredmedia":[{"embeddable":true,"href":"https:\/\/jms.com.bo\/mediamonitor\/wp-json\/wp\/v2\/media\/65758"}],"wp:attachment":[{"href":"https:\/\/jms.com.bo\/mediamonitor\/wp-json\/wp\/v2\/media?parent=65757"}],"wp:term":[{"taxonomy":"category","embeddable":true,"href":"https:\/\/jms.com.bo\/mediamonitor\/wp-json\/wp\/v2\/categories?post=65757"},{"taxonomy":"post_tag","embeddable":true,"href":"https:\/\/jms.com.bo\/mediamonitor\/wp-json\/wp\/v2\/tags?post=65757"}],"curies":[{"name":"wp","href":"https:\/\/api.w.org\/{rel}","templated":true}]}}