{"id":65759,"date":"2024-05-07T06:41:39","date_gmt":"2024-05-07T10:41:39","guid":{"rendered":"https:\/\/jms.com.bo\/mediamonitor\/2024\/05\/07\/cni-pide-a-asambleistas-despojarse-de-colores-politicos-y-aprobar-una-ley-contra-bloqueos\/"},"modified":"2024-05-07T06:41:39","modified_gmt":"2024-05-07T10:41:39","slug":"cni-pide-a-asambleistas-despojarse-de-colores-politicos-y-aprobar-una-ley-contra-bloqueos","status":"publish","type":"post","link":"https:\/\/jms.com.bo\/mediamonitor\/2024\/05\/07\/cni-pide-a-asambleistas-despojarse-de-colores-politicos-y-aprobar-una-ley-contra-bloqueos\/","title":{"rendered":"CNI pide a asamble\u00edstas despojarse de colores pol\u00edticos y aprobar una ley contra bloqueos"},"content":{"rendered":"<p style=\"text-align: justify;\">La C\u00e1mara Nacional de Industrias (CNI) pidi\u00f3 a los asamble\u00edstas nacionales despojarse de los colores pol\u00edticos para tratar y aprobar el proyecto de ley contra los bloqueos de caminos que fue presentado en febrero de este a\u00f1o.<\/p>\n<p style=\"text-align: justify;\">\u201cEst\u00e1 en el parlamento, hemos enviado las cartas; creo que \u00e9ste es un tema en el que debemos liberarnos de colores pol\u00edticos y pasiones pol\u00edticas; va a beneficiar a Bolivia de contar con una ley antibloqueo como ya tienen otros pa\u00edses de la regi\u00f3n\u201d, afirm\u00f3 el titular de la CNI.<\/p>\n<p style=\"text-align: justify;\">Sectores afines al expresidente Evo Morales anunciaron que retomar\u00e1n los bloqueos de caminos tras el aval de la justicia y del Tribunal Supremo Electoral (TSE) al congreso del Movimiento Al Socialismo (MAS) arcista.<\/p>\n<p style=\"text-align: justify;\">El proyecto de ley de la CNI busca sancionar los bloqueos y vandalismo a trav\u00e9s del sistema penal a trav\u00e9s de la imposici\u00f3n de multas y c\u00e1rcel para los infractores, para que el pa\u00eds deje ese \u201cciclo destructivo\u201d, que ahuyenta las inversiones y alimenta la desigualdad y el desempleo.<\/p>\n<p style=\"text-align: justify;\">En el documento se plantea modificar y a\u00f1adir algunas disposiciones en el C\u00f3digo Penal. En el art\u00edculo 293 de esa norma se propone agravar la pena por del delito de amenazas, para castigarlos con tres a seis a\u00f1os de c\u00e1rcel, tomando en cuenta que actualmente la sanci\u00f3n de tres a 18 meses.<\/p>\n<p style=\"text-align: justify;\">Propuestas<br \/>\nTambi\u00e9n se propone incluir el tipo penal de obstrucci\u00f3n, mediante el cual se sancione con privaci\u00f3n de libertad de cuatro a ocho a\u00f1os y multa de 60 salarios m\u00ednimos nacionales a quienes ilegalmente procedan al bloqueo total o parcial de caminos, u obstruyan el libre tr\u00e1nsito de veh\u00edculos, personas o mercader\u00edas por las v\u00edas p\u00fablicas.<\/p>\n<p style=\"text-align: justify;\">Adem\u00e1s, crear el tipo penal de obstrucci\u00f3n a v\u00edas p\u00fablicas que afecten el orden p\u00fablico, con el que se sancionar\u00e1 al que por medios il\u00edcitos incite, dirija o proporcione los medios materiales o intelectuales para obstaculizar las v\u00edas o la infraestructura de transporte hecho que atente contra la vida humana, la salud p\u00fablica, la seguridad alimentaria, el medio ambiente y el derecho al trabajo. La pena en este caso ser\u00eda de c\u00e1rcel de dos a cuatro a\u00f1os y multa de hasta 75 salarios m\u00ednimos.<\/p>\n<p style=\"text-align: justify;\">Tambi\u00e9n, en el tipo penal de vandalismo, se pretende encarcelar de cuatro a ocho a\u00f1os y sancionar con multa de hasta 75 salarios m\u00ednimos a quienes, vali\u00e9ndose de una protesta, manifestaci\u00f3n, o movilizaci\u00f3n p\u00fablica, atenten o destruyan los bienes p\u00fablicos o privados.<\/p>\n<p style=\"text-align: justify;\">Camacho indic\u00f3 que los bloqueos de caminos ocasionan un da\u00f1o fuerte a la econom\u00eda porque afecta a los microempresarios, peque\u00f1os, medianos y grandes empresarios porque su producci\u00f3n se obstaculiza y en muchos de los casos tienen que arrojarla en medio camino.<\/p>\n<p style=\"text-align: justify;\">Afirm\u00f3 que, a causa de los bloqueos, Bolivia se convirti\u00f3 en un pa\u00eds \u201cexportador de conflictividad\u201d lo que ocasiona una inviabilidad en el territorio nacional y un da\u00f1o a la imagen del pa\u00eds.<\/p>\n<p style=\"text-align: justify;\">\u201cHoy el producto de mayor exportaci\u00f3n es la conflictividad e inviabilidad de Bolivia, no olivemos que gracias a estos permanentes bloqueos el trazo del Corredor Bioce\u00e1nico est\u00e1 en peligro de no pasar por Bolivia\u201d, advirti\u00f3.<\/p>\n","protected":false},"excerpt":{"rendered":"<p>La C\u00e1mara Nacional de Industrias (CNI) pidi\u00f3 a los asamble\u00edstas nacionales despojarse de los colores pol\u00edticos para tratar y aprobar el proyecto de ley contra los bloqueos de caminos que fue presentado en febrero de este a\u00f1o. \u201cEst\u00e1 en el parlamento, hemos enviado las cartas; creo que \u00e9ste es un tema en el que debemos [&hellip;]<\/p>\n","protected":false},"author":4,"featured_media":65760,"comment_status":"open","ping_status":"closed","sticky":false,"template":"","format":"standard","meta":{"footnotes":""},"categories":[49],"tags":[],"class_list":{"0":"post-65759","1":"post","2":"type-post","3":"status-publish","4":"format-standard","5":"has-post-thumbnail","7":"category-social"},"_links":{"self":[{"href":"https:\/\/jms.com.bo\/mediamonitor\/wp-json\/wp\/v2\/posts\/65759","targetHints":{"allow":["GET"]}}],"collection":[{"href":"https:\/\/jms.com.bo\/mediamonitor\/wp-json\/wp\/v2\/posts"}],"about":[{"href":"https:\/\/jms.com.bo\/mediamonitor\/wp-json\/wp\/v2\/types\/post"}],"author":[{"embeddable":true,"href":"https:\/\/jms.com.bo\/mediamonitor\/wp-json\/wp\/v2\/users\/4"}],"replies":[{"embeddable":true,"href":"https:\/\/jms.com.bo\/mediamonitor\/wp-json\/wp\/v2\/comments?post=65759"}],"version-history":[{"count":0,"href":"https:\/\/jms.com.bo\/mediamonitor\/wp-json\/wp\/v2\/posts\/65759\/revisions"}],"wp:featuredmedia":[{"embeddable":true,"href":"https:\/\/jms.com.bo\/mediamonitor\/wp-json\/wp\/v2\/media\/65760"}],"wp:attachment":[{"href":"https:\/\/jms.com.bo\/mediamonitor\/wp-json\/wp\/v2\/media?parent=65759"}],"wp:term":[{"taxonomy":"category","embeddable":true,"href":"https:\/\/jms.com.bo\/mediamonitor\/wp-json\/wp\/v2\/categories?post=65759"},{"taxonomy":"post_tag","embeddable":true,"href":"https:\/\/jms.com.bo\/mediamonitor\/wp-json\/wp\/v2\/tags?post=65759"}],"curies":[{"name":"wp","href":"https:\/\/api.w.org\/{rel}","templated":true}]}}