{"id":65761,"date":"2024-05-07T06:43:11","date_gmt":"2024-05-07T10:43:11","guid":{"rendered":"https:\/\/jms.com.bo\/mediamonitor\/2024\/05\/07\/senasag-recolecta-dos-toneladas-de-caracol-africano-en-cochabamba\/"},"modified":"2024-05-07T06:43:11","modified_gmt":"2024-05-07T10:43:11","slug":"senasag-recolecta-dos-toneladas-de-caracol-africano-en-cochabamba","status":"publish","type":"post","link":"https:\/\/jms.com.bo\/mediamonitor\/2024\/05\/07\/senasag-recolecta-dos-toneladas-de-caracol-africano-en-cochabamba\/","title":{"rendered":"Senasag recolecta dos toneladas de caracol africano en Cochabamba"},"content":{"rendered":"<p style=\"text-align: justify;\">El Servicio Nacional de Sanidad Agropecuaria e Inocuidad Alimentaria (Senasag) intensific\u00f3 el trabajo de recolecci\u00f3n del caracol gigante africano y a la fecha junt\u00f3 dos toneladas en el departamento de Cochabamba.<\/p>\n<p style=\"text-align: justify;\">El jefe departamental del Senasag Cochabamba, Juan Mart\u00ednez, inform\u00f3 que, al momento, la presencia de estos moluscos no ocasion\u00f3 afectaci\u00f3n a cultivos en la regi\u00f3n del Tr\u00f3pico de Cochabamba.<\/p>\n<p style=\"text-align: justify;\">\u201cA la fecha ya hemos recolectado m\u00e1s de 2.000 kilogramos de caracol y han sido enterrados en una fosa como corresponde. (Este trabajo se realiz\u00f3) con el apoyo de los municipios que ponen la volqueta y la retroexcavadora\u201d, inform\u00f3 el funcionario.<\/p>\n<p style=\"text-align: justify;\">Asegur\u00f3 tambi\u00e9n que se realiza un trabajo coordinado de recolecci\u00f3n con los municipios productores y las comunidades afectadas, debido a que este molusco puede causar da\u00f1o a la producci\u00f3n y al ser humano, por lo que es importante su control de manera r\u00e1pida.<\/p>\n<p style=\"text-align: justify;\">Inform\u00f3 que este tipo de caracoles lleg\u00f3 al pa\u00eds hace m\u00e1s de 20 a\u00f1os y se aloj\u00f3 principalmente en el tr\u00f3pico del pa\u00eds y que se alimenta de vegetales, por lo que se realiza una campa\u00f1a para evitar su propagaci\u00f3n.<\/p>\n<p style=\"text-align: justify;\">Programa<br \/>\nPor lo que plantea crear un programa que cuente con recursos econ\u00f3micos y financieros para erradicar a los caracoles africanos.<\/p>\n<p style=\"text-align: justify;\">\u201cPlantearemos la creaci\u00f3n de un programa de control del caracol, para gestionar recursos humanos, log\u00edsticos y financieros con miras a lograr su erradicaci\u00f3n y proteger la producci\u00f3n\u201d, se\u00f1al\u00f3.<\/p>\n<p style=\"text-align: justify;\">En lo que va del a\u00f1o, el Senasag, en coordinaci\u00f3n con los municipios y los productores, realiz\u00f3 dos campa\u00f1as donde se detectaron estos moluscos. Mart\u00ednez dijo que a\u00fan no se control\u00f3 al 100% la propagaci\u00f3n de estos caracoles gigantes.<\/p>\n","protected":false},"excerpt":{"rendered":"<p>El Servicio Nacional de Sanidad Agropecuaria e Inocuidad Alimentaria (Senasag) intensific\u00f3 el trabajo de recolecci\u00f3n del caracol gigante africano y a la fecha junt\u00f3 dos toneladas en el departamento de Cochabamba. El jefe departamental del Senasag Cochabamba, Juan Mart\u00ednez, inform\u00f3 que, al momento, la presencia de estos moluscos no ocasion\u00f3 afectaci\u00f3n a cultivos en la [&hellip;]<\/p>\n","protected":false},"author":4,"featured_media":65762,"comment_status":"open","ping_status":"closed","sticky":false,"template":"","format":"standard","meta":{"footnotes":""},"categories":[49],"tags":[],"class_list":{"0":"post-65761","1":"post","2":"type-post","3":"status-publish","4":"format-standard","5":"has-post-thumbnail","7":"category-social"},"_links":{"self":[{"href":"https:\/\/jms.com.bo\/mediamonitor\/wp-json\/wp\/v2\/posts\/65761","targetHints":{"allow":["GET"]}}],"collection":[{"href":"https:\/\/jms.com.bo\/mediamonitor\/wp-json\/wp\/v2\/posts"}],"about":[{"href":"https:\/\/jms.com.bo\/mediamonitor\/wp-json\/wp\/v2\/types\/post"}],"author":[{"embeddable":true,"href":"https:\/\/jms.com.bo\/mediamonitor\/wp-json\/wp\/v2\/users\/4"}],"replies":[{"embeddable":true,"href":"https:\/\/jms.com.bo\/mediamonitor\/wp-json\/wp\/v2\/comments?post=65761"}],"version-history":[{"count":0,"href":"https:\/\/jms.com.bo\/mediamonitor\/wp-json\/wp\/v2\/posts\/65761\/revisions"}],"wp:featuredmedia":[{"embeddable":true,"href":"https:\/\/jms.com.bo\/mediamonitor\/wp-json\/wp\/v2\/media\/65762"}],"wp:attachment":[{"href":"https:\/\/jms.com.bo\/mediamonitor\/wp-json\/wp\/v2\/media?parent=65761"}],"wp:term":[{"taxonomy":"category","embeddable":true,"href":"https:\/\/jms.com.bo\/mediamonitor\/wp-json\/wp\/v2\/categories?post=65761"},{"taxonomy":"post_tag","embeddable":true,"href":"https:\/\/jms.com.bo\/mediamonitor\/wp-json\/wp\/v2\/tags?post=65761"}],"curies":[{"name":"wp","href":"https:\/\/api.w.org\/{rel}","templated":true}]}}