{"id":65763,"date":"2024-05-07T06:44:43","date_gmt":"2024-05-07T10:44:43","guid":{"rendered":"https:\/\/jms.com.bo\/mediamonitor\/2024\/05\/07\/anuncian-movilizaciones-contra-el-decreto-5143-lo-consideran-atentatorio-contra-la-propiedad-privada\/"},"modified":"2024-05-07T06:44:43","modified_gmt":"2024-05-07T10:44:43","slug":"anuncian-movilizaciones-contra-el-decreto-5143-lo-consideran-atentatorio-contra-la-propiedad-privada","status":"publish","type":"post","link":"https:\/\/jms.com.bo\/mediamonitor\/2024\/05\/07\/anuncian-movilizaciones-contra-el-decreto-5143-lo-consideran-atentatorio-contra-la-propiedad-privada\/","title":{"rendered":"Anuncian movilizaciones contra el decreto 5143; lo consideran atentatorio contra la propiedad privada"},"content":{"rendered":"<p style=\"text-align: justify;\">Aglutinados en el Consejo de Defensa de la Propiedad Privada (Codepp), pol\u00edticos de oposici\u00f3n, activistas e instituciones anunciaron el inicio de movilizaciones para exigir la abrogaci\u00f3n del decreto 5142, referido a la inscripci\u00f3n en Derechos Reales, porque consideran que atenta contra la propiedad privada.<\/p>\n<p style=\"text-align: justify;\">La primera medida ser\u00e1 una marcha a realizarse este viernes 10 de mayo en Santa Cruz. La movilizaci\u00f3n partir\u00e1 a las 18:00 desde la Plaza del Estudiante a la plaza 24 de Septiembre.<\/p>\n<p style=\"text-align: justify;\">El Decreto Supremo 5143 fue promulgado por el presidente Luis Arce el 10 de abril de 2024. Tiene 91 art\u00edculos, cuatro disposiciones transitorias, una abrogatoria y cuatro disposiciones finales.<\/p>\n<p style=\"text-align: justify;\">\u201cEl derecho a la propiedad privada debe ser defendido y por eso es la declaratoria de emergencia, que implica todas las medidas necesarias en el pa\u00eds, para poder llegar al fin de la abrogaci\u00f3n de ese decreto que es irregular, es inconstitucional e ilegitimo\u00bb, dijo la senadora Centa Rek (Creemos). Enfatiza que el tema debe ser abordado mediante una ley que debe discutirse en la Asamblea Plurinacional.<\/p>\n<p style=\"text-align: justify;\">El abogado y precandidato Agust\u00edn Zambrana dijo que el riesgo es que Derechos Reales pase a depender del gobierno y eso genera preocupaci\u00f3n. \u00abMientras m\u00e1s poder le das a los gobiernos centrales, m\u00e1s de van a querer apretar, presionar, agarrar bienes, etc.\u00bb, dijo Zambrana.<\/p>\n<p style=\"text-align: justify;\">A\u00f1adi\u00f3 que la norma traspasa gran parte de las competencias de Derechos Reales al gobierno nacional, que tendr\u00e1 control econ\u00f3mico, v\u00eda de aranceles que paga la ciudadan\u00eda, que podr\u00edan incrementarse ante la falta de liquidez en las arcas del Estado.<\/p>\n<p style=\"text-align: justify;\">A\u00f1adi\u00f3 que al movimiento se est\u00e1n sumando gremiales, trabajadores por cuenta propia, artesanos, juntas vecinales y empresarios, entre otros.<\/p>\n<p style=\"text-align: justify;\">Javier Arandia, secretario de la Confederaci\u00f3n de Gremiales de Bolivia, tambi\u00e9n expres\u00f3 su rechazo al decreto. \u00abEl gobierno quiere entrarse a nuestra propiedad y adue\u00f1arse. C\u00f3mo va a emitir un decreto para entrar (a mandar) en Derechos Reales\u00bb, dijo el dirigente, citado por la agencia ANF.<\/p>\n<p style=\"text-align: justify;\">El dirigente gremial de El Alto, To\u00f1o Si\u00f1ani se\u00f1al\u00f3 que este sector protagonizara una marcha en rechazo al decreto 5143, ya que considera que al norma es atentatoria contra toda la poblaci\u00f3n.<\/p>\n<p style=\"text-align: justify;\">El abogado constitucionalista Jos\u00e9 Luis Santistevan cuestion\u00f3 que se intente legislar con un decreto lo que deber ser reformado mediante la ley. \u201cConforme a la disposici\u00f3n transitoria s\u00e9ptima de la Ley 025 del \u00f3rgano judicial, solo una ley especial puede regular los registros de Derechos Reales\u201d, se\u00f1al\u00f3 en un art\u00edculo publicado el 24 de abril. A\u00f1ade que as\u00ed se est\u00e1n vulnerando los art\u00edculos 12 y 410 de la Constituci\u00f3n, con una intromisi\u00f3n y usurpaci\u00f3n de funciones del \u00d3rgano Ejecutivo con el \u00d3rgano Judicial.<\/p>\n","protected":false},"excerpt":{"rendered":"<p>Aglutinados en el Consejo de Defensa de la Propiedad Privada (Codepp), pol\u00edticos de oposici\u00f3n, activistas e instituciones anunciaron el inicio de movilizaciones para exigir la abrogaci\u00f3n del decreto 5142, referido a la inscripci\u00f3n en Derechos Reales, porque consideran que atenta contra la propiedad privada. La primera medida ser\u00e1 una marcha a realizarse este viernes 10 [&hellip;]<\/p>\n","protected":false},"author":4,"featured_media":65764,"comment_status":"open","ping_status":"closed","sticky":false,"template":"","format":"standard","meta":{"footnotes":""},"categories":[49],"tags":[],"class_list":{"0":"post-65763","1":"post","2":"type-post","3":"status-publish","4":"format-standard","5":"has-post-thumbnail","7":"category-social"},"_links":{"self":[{"href":"https:\/\/jms.com.bo\/mediamonitor\/wp-json\/wp\/v2\/posts\/65763","targetHints":{"allow":["GET"]}}],"collection":[{"href":"https:\/\/jms.com.bo\/mediamonitor\/wp-json\/wp\/v2\/posts"}],"about":[{"href":"https:\/\/jms.com.bo\/mediamonitor\/wp-json\/wp\/v2\/types\/post"}],"author":[{"embeddable":true,"href":"https:\/\/jms.com.bo\/mediamonitor\/wp-json\/wp\/v2\/users\/4"}],"replies":[{"embeddable":true,"href":"https:\/\/jms.com.bo\/mediamonitor\/wp-json\/wp\/v2\/comments?post=65763"}],"version-history":[{"count":0,"href":"https:\/\/jms.com.bo\/mediamonitor\/wp-json\/wp\/v2\/posts\/65763\/revisions"}],"wp:featuredmedia":[{"embeddable":true,"href":"https:\/\/jms.com.bo\/mediamonitor\/wp-json\/wp\/v2\/media\/65764"}],"wp:attachment":[{"href":"https:\/\/jms.com.bo\/mediamonitor\/wp-json\/wp\/v2\/media?parent=65763"}],"wp:term":[{"taxonomy":"category","embeddable":true,"href":"https:\/\/jms.com.bo\/mediamonitor\/wp-json\/wp\/v2\/categories?post=65763"},{"taxonomy":"post_tag","embeddable":true,"href":"https:\/\/jms.com.bo\/mediamonitor\/wp-json\/wp\/v2\/tags?post=65763"}],"curies":[{"name":"wp","href":"https:\/\/api.w.org\/{rel}","templated":true}]}}