{"id":65765,"date":"2024-05-07T06:46:43","date_gmt":"2024-05-07T10:46:43","guid":{"rendered":"https:\/\/jms.com.bo\/mediamonitor\/2024\/05\/07\/habra-controles-en-la-frontera-con-argentina-ante-el-alza-de-precios-de-alimentos\/"},"modified":"2024-05-07T06:46:43","modified_gmt":"2024-05-07T10:46:43","slug":"habra-controles-en-la-frontera-con-argentina-ante-el-alza-de-precios-de-alimentos","status":"publish","type":"post","link":"https:\/\/jms.com.bo\/mediamonitor\/2024\/05\/07\/habra-controles-en-la-frontera-con-argentina-ante-el-alza-de-precios-de-alimentos\/","title":{"rendered":"Habr\u00e1 controles en la frontera con Argentina ante el alza de precios de alimentos"},"content":{"rendered":"<p style=\"text-align: justify;\">El viceministro de Comercio y Log\u00edstica interna, Grover Lacoa, anunci\u00f3 que se har\u00e1n controles en la zona fronteriza con Argentina debido a informaci\u00f3n en sentido de que por esos puntos hay posible fuga de algunos alimentos, situaci\u00f3n que encarecer\u00e1 el mercado interno.<\/p>\n<p style=\"text-align: justify;\">Para eso, su despacho y los viceministerios de Defensa de los Derechos del Usuario y Consumidor, adem\u00e1s de Lucha Contra el Contrabando, se reunir\u00e1n para asumir las medidas y evitar la salida de los alimentos nacionales a otros pa\u00edses.<\/p>\n<p style=\"text-align: justify;\">Vamos a \u201chacer un control m\u00e1s espec\u00edfico y m\u00e1s cerrado con Per\u00fa y Argentina porque se han identificado flujos irregulares de cebolla hacia a Argentina, de az\u00facar y de aceite tambi\u00e9n, lo mismo que pasaba con Per\u00fa\u201d, inform\u00f3 el funcionario.<\/p>\n<p style=\"text-align: justify;\">Este trabajo tiene el objetivo de aplacar el incremento de precios de los alimentos en el pa\u00eds que en los \u00faltimos d\u00edas se han elevado en los diferentes centros de abasto.<\/p>\n<p style=\"text-align: justify;\">Justific\u00f3 que el incremento del precio de la cebolla y tomate es por un factor estacional, mientras que el alza en el coste del huevo no tiene respaldo, por lo que se reunir\u00e1n con los productores de Cochabamba para conocer las razones del aumento.<\/p>\n<p style=\"text-align: justify;\">Mientras que la carne de pollo y de res se mantienen los precios estables y se garantiza su abastecimiento para la poblaci\u00f3n.<\/p>\n<p style=\"text-align: justify;\">Importaci\u00f3n<br \/>\nEn relaci\u00f3n a los productos importadores, que tambi\u00e9n sufrieron un incremento en el precio, Lacoa indic\u00f3 que algunos comerciantes atribuyen al aumento por la transferencia de d\u00f3lares.<\/p>\n<p style=\"text-align: justify;\">No obstante, asegur\u00f3 que no es justificable el incremento del costo de los productos. Anunci\u00f3 que se identificar\u00e1 a las empresas que pretendan obtener ganancias a trav\u00e9s de la especulaci\u00f3n de los precios.<\/p>\n<p style=\"text-align: justify;\">\u201cEstos porcentajes de incrementos no concuasan con el incremento que algunos importadores le est\u00e1n dando a sus productos. En ese sentido tenemos una reuni\u00f3n con el viceministerio de Defensa de los usuarios para empezar a identificar a este tipo de empresas que quieran generar ganancias extraordinarias por este momento de especulaci\u00f3n\u201d, afirm\u00f3.<\/p>\n<p style=\"text-align: justify;\">Se realizar\u00e1n inspecciones a los mercados y se sostendr\u00e1n reuniones con los sectores que importan los productos para que demuestren si el incremento que realizan corresponde o no.<\/p>\n","protected":false},"excerpt":{"rendered":"<p>El viceministro de Comercio y Log\u00edstica interna, Grover Lacoa, anunci\u00f3 que se har\u00e1n controles en la zona fronteriza con Argentina debido a informaci\u00f3n en sentido de que por esos puntos hay posible fuga de algunos alimentos, situaci\u00f3n que encarecer\u00e1 el mercado interno. Para eso, su despacho y los viceministerios de Defensa de los Derechos del [&hellip;]<\/p>\n","protected":false},"author":4,"featured_media":65766,"comment_status":"open","ping_status":"closed","sticky":false,"template":"","format":"standard","meta":{"footnotes":""},"categories":[20],"tags":[],"class_list":{"0":"post-65765","1":"post","2":"type-post","3":"status-publish","4":"format-standard","5":"has-post-thumbnail","7":"category-actualidad"},"_links":{"self":[{"href":"https:\/\/jms.com.bo\/mediamonitor\/wp-json\/wp\/v2\/posts\/65765","targetHints":{"allow":["GET"]}}],"collection":[{"href":"https:\/\/jms.com.bo\/mediamonitor\/wp-json\/wp\/v2\/posts"}],"about":[{"href":"https:\/\/jms.com.bo\/mediamonitor\/wp-json\/wp\/v2\/types\/post"}],"author":[{"embeddable":true,"href":"https:\/\/jms.com.bo\/mediamonitor\/wp-json\/wp\/v2\/users\/4"}],"replies":[{"embeddable":true,"href":"https:\/\/jms.com.bo\/mediamonitor\/wp-json\/wp\/v2\/comments?post=65765"}],"version-history":[{"count":0,"href":"https:\/\/jms.com.bo\/mediamonitor\/wp-json\/wp\/v2\/posts\/65765\/revisions"}],"wp:featuredmedia":[{"embeddable":true,"href":"https:\/\/jms.com.bo\/mediamonitor\/wp-json\/wp\/v2\/media\/65766"}],"wp:attachment":[{"href":"https:\/\/jms.com.bo\/mediamonitor\/wp-json\/wp\/v2\/media?parent=65765"}],"wp:term":[{"taxonomy":"category","embeddable":true,"href":"https:\/\/jms.com.bo\/mediamonitor\/wp-json\/wp\/v2\/categories?post=65765"},{"taxonomy":"post_tag","embeddable":true,"href":"https:\/\/jms.com.bo\/mediamonitor\/wp-json\/wp\/v2\/tags?post=65765"}],"curies":[{"name":"wp","href":"https:\/\/api.w.org\/{rel}","templated":true}]}}