{"id":65767,"date":"2024-05-07T06:48:07","date_gmt":"2024-05-07T10:48:07","guid":{"rendered":"https:\/\/jms.com.bo\/mediamonitor\/2024\/05\/07\/lluvias-y-heladas-entran-al-pais-senamhi-preve-records-de-frio\/"},"modified":"2024-05-07T06:48:07","modified_gmt":"2024-05-07T10:48:07","slug":"lluvias-y-heladas-entran-al-pais-senamhi-preve-records-de-frio","status":"publish","type":"post","link":"https:\/\/jms.com.bo\/mediamonitor\/2024\/05\/07\/lluvias-y-heladas-entran-al-pais-senamhi-preve-records-de-frio\/","title":{"rendered":"Lluvias y heladas entran al pa\u00eds, Senamhi prev\u00e9 r\u00e9cords de fr\u00edo"},"content":{"rendered":"<p style=\"text-align: justify;\">El invierno se acerca y el fr\u00edo ya se siente. El Servicio Nacional de Meteorolog\u00eda e Hidrolog\u00eda (Senamhi) inform\u00f3 que desde lluvias hasta heladas se sienten en el oriente, sur y occidente del pa\u00eds; mientras que se prev\u00e9 que para este a\u00f1o se rompan r\u00e9cords de bajas temperaturas.<\/p>\n<p style=\"text-align: justify;\">\u201cEste a\u00f1o probablemente tengamos r\u00e9cords de temperaturas m\u00ednimas que sean muy por debajo del grado cero. Nosotros como Senamhi vamos a monitorear aquello\u201d, explic\u00f3 el director de esta instituci\u00f3n, Hugo Mamani.<\/p>\n<p style=\"text-align: justify;\">Desde hace un par de semanas, el descenso de las temperaturas se ha hecho evidente en varias regiones. En el oriente se ha reflejado principalmente con cielos nublados y hasta lluvias; en tanto que en el occidente hay regiones que sienten temperaturas bajo cero con heladas.<\/p>\n<p style=\"text-align: justify;\">La instituci\u00f3n avizora que esta situaci\u00f3n continuar\u00e1, dado que se prev\u00e9 el ingreso de un frente fr\u00edo que suele estar acompa\u00f1ado por precipitaciones.<\/p>\n<p style=\"text-align: justify;\">FR\u00cdO<br \/>\n\u201cCon el ingreso de un frente fr\u00edo vamos a tener una l\u00ednea de inestabilidad que va a generar lluvias, delante el frente fr\u00edo siempre se genera esto, principalmente en el norte integrado de Santa Cruz; podemos tener lluvias tambi\u00e9n en parte de la Chiquitan\u00eda. Va a ingresar esto al sur del departamento de Beni y tambi\u00e9n va a afectar a parte del norte de La Paz\u201d.<\/p>\n<p style=\"text-align: justify;\">Mamani anticip\u00f3 que las temperaturas m\u00ednimas como m\u00e1ximas tendr\u00e1n un paulatino descenso desde esta \u00e9poca, en el Chaco, adem\u00e1s de parte del Chaco y Santa Cruz.<\/p>\n<p style=\"text-align: justify;\">\u201cTenemos el cambio de estaci\u00f3n el 21 de junio, entonces previamente a esto ya estamos sintiendo en algunos sectores del altiplano heladas, propio de lo que es en estos meses\u201d.<\/p>\n<p style=\"text-align: justify;\">Para este a\u00f1o el Senamhi pronostic\u00f3 el ingreso del fen\u00f3meno de La Ni\u00f1a al pa\u00eds, lo que se considera tendr\u00e1 la influencia en que el fr\u00edo sea m\u00e1s intenso y que tambi\u00e9n se rompan r\u00e9cords en cuanto a temperaturas m\u00e1ximas.<\/p>\n","protected":false},"excerpt":{"rendered":"<p>El invierno se acerca y el fr\u00edo ya se siente. El Servicio Nacional de Meteorolog\u00eda e Hidrolog\u00eda (Senamhi) inform\u00f3 que desde lluvias hasta heladas se sienten en el oriente, sur y occidente del pa\u00eds; mientras que se prev\u00e9 que para este a\u00f1o se rompan r\u00e9cords de bajas temperaturas. \u201cEste a\u00f1o probablemente tengamos r\u00e9cords de temperaturas [&hellip;]<\/p>\n","protected":false},"author":4,"featured_media":65768,"comment_status":"open","ping_status":"closed","sticky":false,"template":"","format":"standard","meta":{"footnotes":""},"categories":[20],"tags":[],"class_list":{"0":"post-65767","1":"post","2":"type-post","3":"status-publish","4":"format-standard","5":"has-post-thumbnail","7":"category-actualidad"},"_links":{"self":[{"href":"https:\/\/jms.com.bo\/mediamonitor\/wp-json\/wp\/v2\/posts\/65767","targetHints":{"allow":["GET"]}}],"collection":[{"href":"https:\/\/jms.com.bo\/mediamonitor\/wp-json\/wp\/v2\/posts"}],"about":[{"href":"https:\/\/jms.com.bo\/mediamonitor\/wp-json\/wp\/v2\/types\/post"}],"author":[{"embeddable":true,"href":"https:\/\/jms.com.bo\/mediamonitor\/wp-json\/wp\/v2\/users\/4"}],"replies":[{"embeddable":true,"href":"https:\/\/jms.com.bo\/mediamonitor\/wp-json\/wp\/v2\/comments?post=65767"}],"version-history":[{"count":0,"href":"https:\/\/jms.com.bo\/mediamonitor\/wp-json\/wp\/v2\/posts\/65767\/revisions"}],"wp:featuredmedia":[{"embeddable":true,"href":"https:\/\/jms.com.bo\/mediamonitor\/wp-json\/wp\/v2\/media\/65768"}],"wp:attachment":[{"href":"https:\/\/jms.com.bo\/mediamonitor\/wp-json\/wp\/v2\/media?parent=65767"}],"wp:term":[{"taxonomy":"category","embeddable":true,"href":"https:\/\/jms.com.bo\/mediamonitor\/wp-json\/wp\/v2\/categories?post=65767"},{"taxonomy":"post_tag","embeddable":true,"href":"https:\/\/jms.com.bo\/mediamonitor\/wp-json\/wp\/v2\/tags?post=65767"}],"curies":[{"name":"wp","href":"https:\/\/api.w.org\/{rel}","templated":true}]}}