{"id":65772,"date":"2024-05-07T06:50:42","date_gmt":"2024-05-07T10:50:42","guid":{"rendered":"https:\/\/jms.com.bo\/mediamonitor\/2024\/05\/07\/dentro-de-10-dias-el-tse-preve-emitir-informe-sobre-la-supervision-del-congreso-arcista-del-mas\/"},"modified":"2024-05-07T06:50:42","modified_gmt":"2024-05-07T10:50:42","slug":"dentro-de-10-dias-el-tse-preve-emitir-informe-sobre-la-supervision-del-congreso-arcista-del-mas","status":"publish","type":"post","link":"https:\/\/jms.com.bo\/mediamonitor\/2024\/05\/07\/dentro-de-10-dias-el-tse-preve-emitir-informe-sobre-la-supervision-del-congreso-arcista-del-mas\/","title":{"rendered":"Dentro de 10 d\u00edas, el TSE prev\u00e9 emitir informe sobre la supervisi\u00f3n del congreso \u00abarcista\u00bb del MAS"},"content":{"rendered":"<p style=\"text-align: justify;\">Dentro de 10 d\u00edas, la Sala Plena del Tribunal Supremo Electoral (TSE) emitir\u00e1 una respuesta del informe sobre la supervisi\u00f3n provisional del congreso del Movimiento Al Socialismo (MAS) del ala \u201carcista\u201d desarrollado en El Alto.<\/p>\n<p style=\"text-align: justify;\">El vocal Gustavo \u00c1vila explic\u00f3 que la comisi\u00f3n t\u00e9cnica del Servicio Intercultural de Fortalecimiento Democr\u00e1tico (Sifde) tiene siete d\u00edas para elaborar un informe al acompa\u00f1amiento que se hizo a los tres d\u00edas del encuentro pol\u00edtico.<\/p>\n<p style=\"text-align: justify;\">Posteriormente, ese informe ser\u00e1 remitido al Director Nacional del Sifde quien despu\u00e9s lo remitir\u00e1 a la Sala Plena, cuya instancia conocer\u00e1 el informe donde se considerar\u00e1 si se cumpli\u00f3 con la normativa vigente.<\/p>\n<p style=\"text-align: justify;\">\u201cEn el plazo de 10 d\u00edas, la Sala Plena va a conocer el informe del Servicio Intercultural de Fortalecimiento Democr\u00e1tico y ser\u00e1 en ese plazo en que la Sala Plena emita un pronunciamiento sobre el cumplimiento o no de los requisitos de este congreso\u201d, remarc\u00f3.<\/p>\n<p style=\"text-align: justify;\">Entre los aspectos que se analizar\u00e1n en el informe t\u00e9cnico ser\u00e1n que se haya dado cumplimiento a la Ley 018 del \u00d3rgano Electoral Plurinacional, la Ley 026 de R\u00e9gimen Electoral, la Ley 1096 de Organizaciones Pol\u00edticas y el reglamento de supervisi\u00f3n de elecci\u00f3n de directivas.<\/p>\n<p style=\"text-align: justify;\">\u201cLa Sala Plena, en su conjunto, tomar\u00e1 una determinaci\u00f3n sobre dicho informe, lo mismo que pas\u00f3 con otras organizaciones pol\u00edticas\u201d, a\u00f1adi\u00f3 \u00c1vila.<\/p>\n<p style=\"text-align: justify;\">En medio de cuestionamientos del ala \u201cevista\u201d e incluso advertencias de movilizaciones, entre el 3 al 5 de mayo se desarroll\u00f3 el congreso del MAS \u201carcista\u201d en atenci\u00f3n a una determinaci\u00f3n judicial de la Sala Constitucional Primera de La Paz.<\/p>\n<p style=\"text-align: justify;\">En el congreso, Grover Garc\u00eda fue elegido como nuevo presidente del MAS, mientras que Julia Ramos es la nueva vicepresidenta.<\/p>\n","protected":false},"excerpt":{"rendered":"<p>Dentro de 10 d\u00edas, la Sala Plena del Tribunal Supremo Electoral (TSE) emitir\u00e1 una respuesta del informe sobre la supervisi\u00f3n provisional del congreso del Movimiento Al Socialismo (MAS) del ala \u201carcista\u201d desarrollado en El Alto. El vocal Gustavo \u00c1vila explic\u00f3 que la comisi\u00f3n t\u00e9cnica del Servicio Intercultural de Fortalecimiento Democr\u00e1tico (Sifde) tiene siete d\u00edas para [&hellip;]<\/p>\n","protected":false},"author":4,"featured_media":65773,"comment_status":"open","ping_status":"closed","sticky":false,"template":"","format":"standard","meta":{"footnotes":""},"categories":[18],"tags":[],"class_list":{"0":"post-65772","1":"post","2":"type-post","3":"status-publish","4":"format-standard","5":"has-post-thumbnail","7":"category-politica"},"_links":{"self":[{"href":"https:\/\/jms.com.bo\/mediamonitor\/wp-json\/wp\/v2\/posts\/65772","targetHints":{"allow":["GET"]}}],"collection":[{"href":"https:\/\/jms.com.bo\/mediamonitor\/wp-json\/wp\/v2\/posts"}],"about":[{"href":"https:\/\/jms.com.bo\/mediamonitor\/wp-json\/wp\/v2\/types\/post"}],"author":[{"embeddable":true,"href":"https:\/\/jms.com.bo\/mediamonitor\/wp-json\/wp\/v2\/users\/4"}],"replies":[{"embeddable":true,"href":"https:\/\/jms.com.bo\/mediamonitor\/wp-json\/wp\/v2\/comments?post=65772"}],"version-history":[{"count":0,"href":"https:\/\/jms.com.bo\/mediamonitor\/wp-json\/wp\/v2\/posts\/65772\/revisions"}],"wp:featuredmedia":[{"embeddable":true,"href":"https:\/\/jms.com.bo\/mediamonitor\/wp-json\/wp\/v2\/media\/65773"}],"wp:attachment":[{"href":"https:\/\/jms.com.bo\/mediamonitor\/wp-json\/wp\/v2\/media?parent=65772"}],"wp:term":[{"taxonomy":"category","embeddable":true,"href":"https:\/\/jms.com.bo\/mediamonitor\/wp-json\/wp\/v2\/categories?post=65772"},{"taxonomy":"post_tag","embeddable":true,"href":"https:\/\/jms.com.bo\/mediamonitor\/wp-json\/wp\/v2\/tags?post=65772"}],"curies":[{"name":"wp","href":"https:\/\/api.w.org\/{rel}","templated":true}]}}