{"id":65774,"date":"2024-05-07T06:52:27","date_gmt":"2024-05-07T10:52:27","guid":{"rendered":"https:\/\/jms.com.bo\/mediamonitor\/2024\/05\/07\/ante-la-caida-de-ingresos-piden-eliminar-las-subgobernaciones\/"},"modified":"2024-05-07T06:52:27","modified_gmt":"2024-05-07T10:52:27","slug":"ante-la-caida-de-ingresos-piden-eliminar-las-subgobernaciones","status":"publish","type":"post","link":"https:\/\/jms.com.bo\/mediamonitor\/2024\/05\/07\/ante-la-caida-de-ingresos-piden-eliminar-las-subgobernaciones\/","title":{"rendered":"Ante la ca\u00edda de ingresos piden eliminar las subgobernaciones"},"content":{"rendered":"<p style=\"text-align: justify;\">Atr\u00e1s qued\u00f3 aquella \u00e9poca en la que los subgobernadores administraban ingentes cantidades de recursos econ\u00f3micos, lo que les daba margen a ejecutar obras fara\u00f3nicas, como una estaci\u00f3n policial con helipuerto o una megaplanta procesadora de c\u00edtricos que no funciona porque no hay la materia prima suficiente. El objetivo era gastar el dinero. Ahora, ante la ca\u00edda inminente de la renta petrolera y la necesidad de encaminar una pol\u00edtica de austeridad en el Gobierno Departamental, desde el Comit\u00e9 C\u00edvico plantean la supresi\u00f3n de las subgobernaciones y que su trabajo sea absorbido por las secretar\u00edas<\/p>\n<p style=\"text-align: justify;\">Y es que la labor de las subgobernaciones actualmente est\u00e1 limitada al mantenimiento de caminos, de pozos de agua, limpiezas de reservorios, campa\u00f1as fitosanitarias y zoosanitarias, construcci\u00f3n de atajados, entrega de semillas y fertilizantes, entre otras tareas menores.<\/p>\n<p style=\"text-align: justify;\">Estancamiento<\/p>\n<p style=\"text-align: justify;\">Son los propios subgobernadores quienes reconocen tener varias limitaciones para la ejecuci\u00f3n de programas y proyectos.<\/p>\n<p style=\"text-align: justify;\">El subgobernador de O\u2019Connor, Grober Torrej\u00f3n, se\u00f1al\u00f3 que por la dif\u00edcil situaci\u00f3n econ\u00f3mica, hay varios proyectos que est\u00e1n paralizados. Explic\u00f3 que entre el 2010 al 2015 se han encaminado varias iniciativas, pero que entre 2015 a 2021 no se destinaron los recursos econ\u00f3micos para viabilizar dichos proyectos.<\/p>\n<p style=\"text-align: justify;\">Torrej\u00f3n mencion\u00f3 que en \u00e9poca de bonanza incluso se lleg\u00f3 a gastar hasta 100 millones de bolivianos en solo cinco proyectos. Entre estos, se encuentran los proyectos agrosilvopastoriles, que trata del mejoramiento gen\u00e9tico de ganado bovino, son tres; y dos corresponden a reservorios de agua para consumo animal.<\/p>\n<p style=\"text-align: justify;\">Deuda La Gobernaci\u00f3n logr\u00f3 reducir la deuda de las subgobernaciones de 715.729.653 en 2021 a 19.419.292 bolivianos en 2023<br \/>\n\u201cAntes se empezaban los proyectos, pensando que \u00e9ramos millonarios, pero cuando nos damos cuenta a qu\u00e9 hemos llegado, con la plata que se ten\u00eda en aquel entonces pod\u00edamos haber hecho obras que le beneficie a la gente, m\u00e1s al contrario, hemos quedado endeudados, (\u2026) con proyectos in\u00fatiles e inservibles a nuestra sociedad\u201d, indic\u00f3.<\/p>\n<p style=\"text-align: justify;\">Una postura similar ha sido expresada por el subgobernador de Yunchar\u00e1, Nativo Villa, quien reconoci\u00f3 que las limitaciones econ\u00f3micas no permiten la ejecuci\u00f3n de obras de impacto, sino que actualmente las tareas est\u00e1n centradas en garantizar la transitabilidad con el mantenimiento de caminos.<\/p>\n<p style=\"text-align: justify;\">\u201cHab\u00eda una idea de hacer un proyecto de asfaltado de Yunchar\u00e1-Final Carretas en Potos\u00ed, lamentablemente los recursos no son suficientes para poder encarar este tipo de trabajos, de obras, porque va a ser una inversi\u00f3n muy grande en la cual nuestra Gobernaci\u00f3n no est\u00e1 en la posibilidad de poder llevar adelante aquello\u201d, expuso.<\/p>\n<p style=\"text-align: justify;\">Los n\u00fameros rojos<\/p>\n<p style=\"text-align: justify;\">Ya no es novedad que la Gobernaci\u00f3n de Tarija anualmente viene recibiendo menos recursos de los presupuestados, solamente en la gesti\u00f3n 2023 recibi\u00f3 un 16% menos de lo programado, es decir, que se hab\u00eda establecido un techo presupuestario de 646.570.975 bolivianos, pero solamente recibi\u00f3 543.318.891 bolivianos, la variaci\u00f3n negativa fue de 103.252.084 bolivianos.<\/p>\n<p style=\"text-align: justify;\">Otro de los aspectos que han puntualizado desde la Gobernaci\u00f3n, es que cuando el gobernador Oscar Montes asume el mando en la gesti\u00f3n 2021, las subgobernaciones eran las que se situaban en segundo lugar de la deuda comprometida, representaban el 22% de la deuda, con 715.729.653 bolivianos.<\/p>\n<p style=\"text-align: justify;\">Sin embargo, para finales de la gesti\u00f3n 2023, la deuda de las subgobernaciones disminuy\u00f3 a 19.419.292 bolivianos, lo que ahora representa el 8,8% de la deuda comprometida de la Gobernaci\u00f3n.<\/p>\n<p style=\"text-align: justify;\">Seg\u00fan el Informe de Rendici\u00f3n de Cuentas Inicial de la Gesti\u00f3n 2024, brindado por el Gobernador la semana pasada, para esta gesti\u00f3n prev\u00e9 asignar 8,5 millones de bolivianos a las subgobernaciones.<\/p>\n<p style=\"text-align: justify;\">Para Cercado, 2,2 millones (25,8%); Bermejo, 1,4 millones (16,6%); O\u2019Connor, 1,3 millones (15,9%); 0,7 millones para El Puente (9%), Uriondo (8,5%), Padcaya (8,4%) y San Lorenzo (8,4%); y 0,6 millones de bolivianos para Yunchar\u00e1 (7,4%).<\/p>\n<p style=\"text-align: justify;\">Comit\u00e9 C\u00edvico pide un cambio administrativo<br \/>\nEl presidente del Comit\u00e9 C\u00edvico de Tarija, Jes\u00fas Gira, se\u00f1al\u00f3 que ante esta dif\u00edcil situaci\u00f3n econ\u00f3mica que se viene dando a nivel nacional, pero principalmente en el departamento de Tarija, se debe redise\u00f1ar el manejo administrativo del Gobierno Departamental, lo que no solamente pasa por la supresi\u00f3n de las subgobernaciones, sino tambi\u00e9n por la reducci\u00f3n del n\u00famero de asamble\u00edstas departamentales.<\/p>\n<p style=\"text-align: justify;\">Gira mencion\u00f3 que esta reconfiguraci\u00f3n administrativa debe ir acorde a la nueva realidad del departamento de Tarija, en donde la tendencia es a cada a\u00f1o disminuir los ingresos por la renta petrolera, m\u00e1s ahora que en la presente gesti\u00f3n se termina el contrato con Argentina y en un par de a\u00f1os m\u00e1s se termina el contrato con Brasil, lo que afectar\u00e1 a\u00fan m\u00e1s el ingreso de recursos.<\/p>\n<p style=\"text-align: justify;\">Si bien tiempo atr\u00e1s, la bancada del Movimiento al Socialismo (MAS) hab\u00eda condicionado su apoyo al proyecto de ley que plantea reducir el n\u00famero de asamble\u00edstas, pidiendo que los subgobernadores sean nuevamente electos por voto popular, Gira se\u00f1al\u00f3 que frente a esta nueva realidad econ\u00f3mica no se debe actuar con c\u00e1lculos pol\u00edticos.<\/p>\n<p style=\"text-align: justify;\">\u201cAqu\u00ed no vale el tema de condicionamiento ni caprichos, aqu\u00ed lo que tiene que primar, es que todos debemos ver la realidad, disminuir los gastos de funcionamiento, realizar un ajuste financiero, una nueva reestructuraci\u00f3n, as\u00ed que ninguna autoridad debe encapricharse o poner condiciones, sino que aqu\u00ed debe haber un desprendimiento de voluntades de todas las autoridades para poder reconfigurar y redise\u00f1ar, tiene que haber una transformaci\u00f3n del departamento de Tarija en momentos donde no hay recursos econ\u00f3micos\u201d, apunt\u00f3.<\/p>\n","protected":false},"excerpt":{"rendered":"<p>Atr\u00e1s qued\u00f3 aquella \u00e9poca en la que los subgobernadores administraban ingentes cantidades de recursos econ\u00f3micos, lo que les daba margen a ejecutar obras fara\u00f3nicas, como una estaci\u00f3n policial con helipuerto o una megaplanta procesadora de c\u00edtricos que no funciona porque no hay la materia prima suficiente. El objetivo era gastar el dinero. Ahora, ante la [&hellip;]<\/p>\n","protected":false},"author":4,"featured_media":65775,"comment_status":"open","ping_status":"closed","sticky":false,"template":"","format":"standard","meta":{"footnotes":""},"categories":[18],"tags":[],"class_list":{"0":"post-65774","1":"post","2":"type-post","3":"status-publish","4":"format-standard","5":"has-post-thumbnail","7":"category-politica"},"_links":{"self":[{"href":"https:\/\/jms.com.bo\/mediamonitor\/wp-json\/wp\/v2\/posts\/65774","targetHints":{"allow":["GET"]}}],"collection":[{"href":"https:\/\/jms.com.bo\/mediamonitor\/wp-json\/wp\/v2\/posts"}],"about":[{"href":"https:\/\/jms.com.bo\/mediamonitor\/wp-json\/wp\/v2\/types\/post"}],"author":[{"embeddable":true,"href":"https:\/\/jms.com.bo\/mediamonitor\/wp-json\/wp\/v2\/users\/4"}],"replies":[{"embeddable":true,"href":"https:\/\/jms.com.bo\/mediamonitor\/wp-json\/wp\/v2\/comments?post=65774"}],"version-history":[{"count":0,"href":"https:\/\/jms.com.bo\/mediamonitor\/wp-json\/wp\/v2\/posts\/65774\/revisions"}],"wp:featuredmedia":[{"embeddable":true,"href":"https:\/\/jms.com.bo\/mediamonitor\/wp-json\/wp\/v2\/media\/65775"}],"wp:attachment":[{"href":"https:\/\/jms.com.bo\/mediamonitor\/wp-json\/wp\/v2\/media?parent=65774"}],"wp:term":[{"taxonomy":"category","embeddable":true,"href":"https:\/\/jms.com.bo\/mediamonitor\/wp-json\/wp\/v2\/categories?post=65774"},{"taxonomy":"post_tag","embeddable":true,"href":"https:\/\/jms.com.bo\/mediamonitor\/wp-json\/wp\/v2\/tags?post=65774"}],"curies":[{"name":"wp","href":"https:\/\/api.w.org\/{rel}","templated":true}]}}