{"id":65776,"date":"2024-05-07T06:54:03","date_gmt":"2024-05-07T10:54:03","guid":{"rendered":"https:\/\/jms.com.bo\/mediamonitor\/2024\/05\/07\/la-justicia-declara-rebeldes-a-murillo-lopez-y-lizarraga-por-el-caso-gases-lacrimogenos\/"},"modified":"2024-05-07T06:54:03","modified_gmt":"2024-05-07T10:54:03","slug":"la-justicia-declara-rebeldes-a-murillo-lopez-y-lizarraga-por-el-caso-gases-lacrimogenos","status":"publish","type":"post","link":"https:\/\/jms.com.bo\/mediamonitor\/2024\/05\/07\/la-justicia-declara-rebeldes-a-murillo-lopez-y-lizarraga-por-el-caso-gases-lacrimogenos\/","title":{"rendered":"La Justicia declara rebeldes a Murillo, L\u00f3pez y Liz\u00e1rraga por el caso Gases lacrim\u00f3genos"},"content":{"rendered":"<p style=\"text-align: justify;\">Tras el inicio del juicio oral por el caso Gases lacrim\u00f3genos de Ecuador, el Tribunal Segundo de Sentencia de La Paz declar\u00f3 la rebeld\u00eda de los exministros de la expresidenta transitoria Jeanine \u00c1\u00f1ez, Arturo Murillo, Luis Fernando L\u00f3pez y Roxana Liz\u00e1rraga y otros dos acusados. Adem\u00e1s, determin\u00f3 que se les asigne abogados de oficio para asistir a las audiencias.<\/p>\n<p style=\"text-align: justify;\">\u201cSe ha instalado y l\u00f3gicamente se ha suspendido para el 28 de mayo, en vista de que no se han hecho presentes cinco coimputados, entre ellos, el exministro de Gobierno, Arturo Murillo, el de Defensa, Fernando L\u00f3pez, y de Comunicaciones, (Roxana Liz\u00e1rraga). Son cinco que han nombrado rebeldes. Ha ordenado la admisi\u00f3n de la orden de aprehensi\u00f3n y les han nombrado abogados de oficio\u201d, dijo Oswaldo Rojas, defensa de uno de los acusados.<\/p>\n<p style=\"text-align: justify;\">El jurista se\u00f1al\u00f3 que el juicio oral contin\u00faa y \u00e9ste debe tener su procedimiento, en raz\u00f3n que en el inicio del juicio oral se presentar\u00e1 \u201calgunas\u201d excepciones, incidentes o una menci\u00f3n de las acusaciones.<\/p>\n<p style=\"text-align: justify;\">La Fiscal\u00eda Departamental de La Paz inform\u00f3 sobre el inicio del juicio oral e indic\u00f3 que el Ministerio P\u00fablico presentar\u00e1 todas las pruebas colectadas en etapa de investigaci\u00f3n. Se\u00f1al\u00f3 que se pedir\u00e1 la pena m\u00e1xima de 30 a\u00f1os de c\u00e1rcel para las tres exautoridades y otras siete personas por los delitos de tr\u00e1fico il\u00edcito de armas e incumplimiento de deberes.<\/p>\n<p style=\"text-align: justify;\">Seg\u00fan los antecedentes de la investigaci\u00f3n, el caso Gases Lacrim\u00f3genos de Ecuador se refiere al 15 de noviembre de 2019, periodo en el que se llev\u00f3 adelante una reuni\u00f3n entre los exministros de Gobierno, Defensa y Comunicaci\u00f3n con el excomandante en jefe de las Fuerzas Armadas, el excomandante General de la Polic\u00eda Boliviana y otras autoridades que determinaron solicitar los pr\u00e9stamos de materiales antidisturbios para enfrentar la crisis social en el pa\u00eds.<\/p>\n<p style=\"text-align: justify;\">Inmediatamente, parti\u00f3 de Bolivia un avi\u00f3n a Ecuador para recoger el armamento solicitado en calidad de pr\u00e9stamo.<\/p>\n<p style=\"text-align: justify;\">Tres d\u00edas m\u00e1s tarde, el 19 de noviembre de 2019, las Fuerzas Armadas y la Polic\u00eda reprimieron una manifestaci\u00f3n. Ese hecho desencaden\u00f3 en la masacre de Senkata, en la ciudad de El Alto. El saldo fue de 10 civiles muertos y al menos 78 heridos.<\/p>\n<p style=\"text-align: justify;\">De acuerdo con las declaraciones testificales, la solicitud la hicieron el exministro de Defensa y de Gobierno a iniciativa de la exministra de Comunicaci\u00f3n, quien habr\u00eda coordinado el pr\u00e9stamo de agentes antidisturbios con la Rep\u00fablica del Ecuador.<\/p>\n<p style=\"text-align: justify;\">El fiscal Bladimir Bol\u00edvar inform\u00f3 que durante la investigaci\u00f3n se colectaron pruebas como el acta de pr\u00e9stamo de los agentes qu\u00edmicos de Ecuador, los planes de vuelo, de aterrizaje y despegue del avi\u00f3n H\u00e9rcules C-130, donde viajaron a Ecuador polic\u00edas y militares de Bolivia.<\/p>\n<p style=\"text-align: justify;\">Adem\u00e1s, dijo que est\u00e1 la solicitud de devoluci\u00f3n de los agentes qu\u00edmicos de la Rep\u00fablica del Ecuador, lo que hace presumir la participaci\u00f3n de los acusados en la internaci\u00f3n il\u00edcita de agentes qu\u00edmicos al pa\u00eds (granadas, gases y proyectiles de largo y corto alcance), como pr\u00e9stamo de la Rep\u00fablica del Ecuador, durante la crisis social de 2019.<\/p>\n<p style=\"text-align: justify;\">\u201cLos exministros de Gobierno y Defensa coordinaron con los comandantes del Ej\u00e9rcito y de la Polic\u00eda para designar personal de ambas instituciones, que habr\u00edan sido trasladados desde Palacio de Gobierno en helic\u00f3ptero hasta el Hangar de los Diablos Negros de la ciudad de El Alto, para viajar a la Rep\u00fablica de Ecuador, recoger los agentes qu\u00edmicos y traerlos a Bolivia, para luego repartirlos entre militares y polic\u00edas\u201d, se\u00f1ala una nota de prensa de la Fiscal\u00eda General del Estado.<\/p>\n","protected":false},"excerpt":{"rendered":"<p>Tras el inicio del juicio oral por el caso Gases lacrim\u00f3genos de Ecuador, el Tribunal Segundo de Sentencia de La Paz declar\u00f3 la rebeld\u00eda de los exministros de la expresidenta transitoria Jeanine \u00c1\u00f1ez, Arturo Murillo, Luis Fernando L\u00f3pez y Roxana Liz\u00e1rraga y otros dos acusados. Adem\u00e1s, determin\u00f3 que se les asigne abogados de oficio para [&hellip;]<\/p>\n","protected":false},"author":4,"featured_media":65777,"comment_status":"open","ping_status":"closed","sticky":false,"template":"","format":"standard","meta":{"footnotes":""},"categories":[18,48,46],"tags":[],"class_list":{"0":"post-65776","1":"post","2":"type-post","3":"status-publish","4":"format-standard","5":"has-post-thumbnail","7":"category-politica","8":"category-portada-general-sitio","9":"category-portada-politica"},"_links":{"self":[{"href":"https:\/\/jms.com.bo\/mediamonitor\/wp-json\/wp\/v2\/posts\/65776","targetHints":{"allow":["GET"]}}],"collection":[{"href":"https:\/\/jms.com.bo\/mediamonitor\/wp-json\/wp\/v2\/posts"}],"about":[{"href":"https:\/\/jms.com.bo\/mediamonitor\/wp-json\/wp\/v2\/types\/post"}],"author":[{"embeddable":true,"href":"https:\/\/jms.com.bo\/mediamonitor\/wp-json\/wp\/v2\/users\/4"}],"replies":[{"embeddable":true,"href":"https:\/\/jms.com.bo\/mediamonitor\/wp-json\/wp\/v2\/comments?post=65776"}],"version-history":[{"count":0,"href":"https:\/\/jms.com.bo\/mediamonitor\/wp-json\/wp\/v2\/posts\/65776\/revisions"}],"wp:featuredmedia":[{"embeddable":true,"href":"https:\/\/jms.com.bo\/mediamonitor\/wp-json\/wp\/v2\/media\/65777"}],"wp:attachment":[{"href":"https:\/\/jms.com.bo\/mediamonitor\/wp-json\/wp\/v2\/media?parent=65776"}],"wp:term":[{"taxonomy":"category","embeddable":true,"href":"https:\/\/jms.com.bo\/mediamonitor\/wp-json\/wp\/v2\/categories?post=65776"},{"taxonomy":"post_tag","embeddable":true,"href":"https:\/\/jms.com.bo\/mediamonitor\/wp-json\/wp\/v2\/tags?post=65776"}],"curies":[{"name":"wp","href":"https:\/\/api.w.org\/{rel}","templated":true}]}}