{"id":65782,"date":"2024-05-07T06:58:26","date_gmt":"2024-05-07T10:58:26","guid":{"rendered":"https:\/\/jms.com.bo\/mediamonitor\/2024\/05\/07\/la-inflacion-acumulada-en-bolivia-se-situa-en-131-hasta-abril\/"},"modified":"2024-05-07T06:58:26","modified_gmt":"2024-05-07T10:58:26","slug":"la-inflacion-acumulada-en-bolivia-se-situa-en-131-hasta-abril","status":"publish","type":"post","link":"https:\/\/jms.com.bo\/mediamonitor\/2024\/05\/07\/la-inflacion-acumulada-en-bolivia-se-situa-en-131-hasta-abril\/","title":{"rendered":"La inflaci\u00f3n acumulada en Bolivia se sit\u00faa en 1,31% hasta abril"},"content":{"rendered":"<p style=\"text-align: justify;\">Se registra un leve repunte de la inflaci\u00f3n en Bolivia. En los primeros cuatro meses del a\u00f1o, el \u00cdndice de Precios al Consumidor (IPC) lleg\u00f3 a 1,31%, mientras que en igual periodo del a\u00f1o pasado se registraba una inflaci\u00f3n negativa de -0,003%, seg\u00fan el bolet\u00edn del Instituto Nacional de Estad\u00edstica (INE).<\/p>\n<p style=\"text-align: justify;\">Solo en abril, los precios aumentaron un 0,57%. En igual mes del a\u00f1o pasado el IPC llegaba a 0,18%. Entre los 12 rubros que mide el INE, el de los alimentos y bebidas no alcoh\u00f3licas fue el que registr\u00f3 mayor incremento con 1,59% y en contraste, el rubro del transporte tuvo un IPC negativo de -0,356%.<\/p>\n<p style=\"text-align: justify;\">El tomate (28,6), cebolla (24%), uva (32,7%), locoto (49%), queso (4,22%) y huevo (3,72%) fueron los productos que m\u00e1s subieron de precio el pasado mes. En el otro extremo, los que bajaron su costo fueron papa (-13,35%), arveja verde (-12,98%), zanahoria (-8,16%), transporte interdepartamental en \u00f3mnibus (-7,23%), piment\u00f3n (-8,72%) y carne de chancho (-3,48%).<\/p>\n<p style=\"text-align: justify;\">A nivel de las nueve ciudades y regiones metropolitanas, Tarija fue la m\u00e1s inflacionaria con 2,18%, seguida de Potos\u00ed con 1,47% y Sucre con 0,73%. La conurbaci\u00f3n de Santa Cruz se ubica en sexto lugar con 0,75%.<\/p>\n<p style=\"text-align: justify;\">El gobierno de Luis Arce y el Banco Central de Bolivia (BCB) han proyectado para toda la gesti\u00f3n una inflaci\u00f3n de 3,6%. El 2023 el IPC cerr\u00f3 la gesti\u00f3n en 2,12%.<\/p>\n","protected":false},"excerpt":{"rendered":"<p>Se registra un leve repunte de la inflaci\u00f3n en Bolivia. En los primeros cuatro meses del a\u00f1o, el \u00cdndice de Precios al Consumidor (IPC) lleg\u00f3 a 1,31%, mientras que en igual periodo del a\u00f1o pasado se registraba una inflaci\u00f3n negativa de -0,003%, seg\u00fan el bolet\u00edn del Instituto Nacional de Estad\u00edstica (INE). Solo en abril, los [&hellip;]<\/p>\n","protected":false},"author":4,"featured_media":65783,"comment_status":"open","ping_status":"closed","sticky":false,"template":"","format":"standard","meta":{"footnotes":""},"categories":[25],"tags":[],"class_list":{"0":"post-65782","1":"post","2":"type-post","3":"status-publish","4":"format-standard","5":"has-post-thumbnail","7":"category-economia"},"_links":{"self":[{"href":"https:\/\/jms.com.bo\/mediamonitor\/wp-json\/wp\/v2\/posts\/65782","targetHints":{"allow":["GET"]}}],"collection":[{"href":"https:\/\/jms.com.bo\/mediamonitor\/wp-json\/wp\/v2\/posts"}],"about":[{"href":"https:\/\/jms.com.bo\/mediamonitor\/wp-json\/wp\/v2\/types\/post"}],"author":[{"embeddable":true,"href":"https:\/\/jms.com.bo\/mediamonitor\/wp-json\/wp\/v2\/users\/4"}],"replies":[{"embeddable":true,"href":"https:\/\/jms.com.bo\/mediamonitor\/wp-json\/wp\/v2\/comments?post=65782"}],"version-history":[{"count":0,"href":"https:\/\/jms.com.bo\/mediamonitor\/wp-json\/wp\/v2\/posts\/65782\/revisions"}],"wp:featuredmedia":[{"embeddable":true,"href":"https:\/\/jms.com.bo\/mediamonitor\/wp-json\/wp\/v2\/media\/65783"}],"wp:attachment":[{"href":"https:\/\/jms.com.bo\/mediamonitor\/wp-json\/wp\/v2\/media?parent=65782"}],"wp:term":[{"taxonomy":"category","embeddable":true,"href":"https:\/\/jms.com.bo\/mediamonitor\/wp-json\/wp\/v2\/categories?post=65782"},{"taxonomy":"post_tag","embeddable":true,"href":"https:\/\/jms.com.bo\/mediamonitor\/wp-json\/wp\/v2\/tags?post=65782"}],"curies":[{"name":"wp","href":"https:\/\/api.w.org\/{rel}","templated":true}]}}