{"id":65801,"date":"2024-05-08T05:58:13","date_gmt":"2024-05-08T09:58:13","guid":{"rendered":"https:\/\/jms.com.bo\/mediamonitor\/2024\/05\/08\/presidente-inaugura-el-ano-internacional-de-los-camelidos-y-presenta-el-plan-maestro-de-actividades\/"},"modified":"2024-05-08T05:58:13","modified_gmt":"2024-05-08T09:58:13","slug":"presidente-inaugura-el-ano-internacional-de-los-camelidos-y-presenta-el-plan-maestro-de-actividades","status":"publish","type":"post","link":"https:\/\/jms.com.bo\/mediamonitor\/2024\/05\/08\/presidente-inaugura-el-ano-internacional-de-los-camelidos-y-presenta-el-plan-maestro-de-actividades\/","title":{"rendered":"Presidente inaugura el A\u00f1o Internacional de los Cam\u00e9lidos y presenta el plan maestro de actividades"},"content":{"rendered":"<p style=\"text-align: justify;\">Acompa\u00f1ado de productores de diferentes regiones del pa\u00eds y autoridades nacionales e internacionales, el presidente Luis Arce inaugur\u00f3, este martes en la ciudad de La Paz, el A\u00f1o Internacional de los Cam\u00e9lidos y present\u00f3 el plan maestro de actividades.<\/p>\n<p style=\"text-align: justify;\">\u201cEsta es la oportunidad para concientizar a la poblaci\u00f3n y al mundo entero sobre la importancia de los cam\u00e9lidos (\u2026). Hoy asumimos nuestra consigna \u2018Nutriendo la vida, preservando el futuro\u2019, de esta manera doy por inaugurado el lanzamiento del A\u00f1o Internacional de los Cam\u00e9lidos 2024\u201d, expres\u00f3 el Jefe de Estado.<\/p>\n<p style=\"text-align: justify;\">El A\u00f1o Internacional de los Cam\u00e9lidos, del cual Bolivia es sede, fue inaugurado en un acto especial en predios de la Plaza Mayor de San Francisco, tras un desfile de cam\u00e9lidos y con la presencia de productores y transformadores de diferentes regiones del pa\u00eds.<\/p>\n<p style=\"text-align: justify;\">En la oportunidad, el Jefe de Estado destac\u00f3 las bondades de la carne, fibra y otros derivados de cam\u00e9lidos en la seguridad alimentaria y la econom\u00eda de las familias bolivianas que se dedican a la cr\u00eda de estas especies.<\/p>\n<p style=\"text-align: justify;\">\u201cLos cam\u00e9lidos son el principal medio de subsistencia para muchas familias de los pueblos ind\u00edgenas originarios, forman parte de nuestra cultura, tradici\u00f3n e identidad, por esa raz\u00f3n la llama se encuentra en nuestro escudo nacional\u201d, reliev\u00f3.<\/p>\n<p style=\"text-align: justify;\">En esa l\u00ednea, explic\u00f3 que el Estado boliviano est\u00e1 consciente de la importancia de estos nobles animales para el pa\u00eds y har\u00e1 las gestiones correspondientes para lograr su conservaci\u00f3n y manejo sostenible.<\/p>\n<p style=\"text-align: justify;\">\u201cPor ello, hoy les presento el plan maestro de actividades del A\u00f1o Internacional de los Cam\u00e9lidos 2024, instrumento que consolida el plan integral alineado con la planificaci\u00f3n del Estado, con el prop\u00f3sito de contribuir de manera significativa al logro de los objetivos establecidos en nuestra Agenda Patri\u00f3tica y el Plan Nacional de Desarrollo Econ\u00f3mico y Social 2021 \u2013 2025\u201d, inform\u00f3.<\/p>\n<p style=\"text-align: justify;\">Detall\u00f3 que las entidades involucradas desarrollar\u00e1n diferentes actividades programadas, entre ellas la entrega de la primera planta industrializadora de cam\u00e9lidos, en el municipio de Turco, del departamento de Oruro.<\/p>\n<p style=\"text-align: justify;\">Adem\u00e1s del primer Festival Gastron\u00f3mico de Carne de Cam\u00e9lidos y la presentaci\u00f3n del recetario con comida tradicional y gourmet denominado \u201cUn encuentro regional\u201d, con autoridades nacionales y productores de Per\u00fa, Argentina, Ecuador y Chile.<\/p>\n<p style=\"text-align: justify;\">Asimismo, Bolivia albergar\u00e1 la 35 reuni\u00f3n ordinaria del convenio de Viena &#8211; Vicu\u00f1a, realizar\u00e1 la ruta internacional de la cadena productiva de cam\u00e9lidos, conformar\u00e1 un Consejo Nacional de Cam\u00e9lidos en el pa\u00eds y se llevar\u00e1 a cabo el encuentro nacional de presentaci\u00f3n de resultados del A\u00f1o Internacional de los Cam\u00e9lidos rumbo al Bicentenario.<\/p>\n<p style=\"text-align: justify;\">\u201cEste a\u00f1o debemos celebrar, pero tambi\u00e9n encaminar todos nuestros esfuerzos para lograr un verdadero desarrollo de nuestras comunidades dedicadas al sector cam\u00e9lidos, debemos trazar acciones y pol\u00edticas con miras a la industrializaci\u00f3n con sustituci\u00f3n de importaciones\u201d, precis\u00f3.<\/p>\n<p style=\"text-align: justify;\">Bolivia emprendi\u00f3 la propuesta de declarar al 2024 como el A\u00f1o Internacional de los Cam\u00e9lidos, en 2017 mediante una resoluci\u00f3n emitida en la Asamblea General de las Nacionales Unidas (ONU).<\/p>\n<p style=\"text-align: justify;\">Ello reconociendo las especies que existen en el mundo: los dromedarios, camellos, bactrianos, llamas, alpacas, vicu\u00f1as y guanacos, que se encuentran en \u00c1frica, Asia Sudoccidental y Central, Ocean\u00eda y Am\u00e9rica del Sur, respectivamente.<\/p>\n<p style=\"text-align: justify;\">\u201cNuestros cam\u00e9lidos garantizan la seguridad alimentaria con soberan\u00eda, proporcionan carne, fibra y son un medio de transporte que permite una calidad de vida sostenible, contribuyendo a la lucha contra el hambre\u201d, destac\u00f3 el dignatario de Estado.<\/p>\n","protected":false},"excerpt":{"rendered":"<p>Acompa\u00f1ado de productores de diferentes regiones del pa\u00eds y autoridades nacionales e internacionales, el presidente Luis Arce inaugur\u00f3, este martes en la ciudad de La Paz, el A\u00f1o Internacional de los Cam\u00e9lidos y present\u00f3 el plan maestro de actividades. \u201cEsta es la oportunidad para concientizar a la poblaci\u00f3n y al mundo entero sobre la importancia [&hellip;]<\/p>\n","protected":false},"author":4,"featured_media":65803,"comment_status":"open","ping_status":"closed","sticky":false,"template":"","format":"standard","meta":{"footnotes":""},"categories":[52],"tags":[],"class_list":{"0":"post-65801","1":"post","2":"type-post","3":"status-publish","4":"format-standard","5":"has-post-thumbnail","7":"category-alimentos-agroindustria"},"_links":{"self":[{"href":"https:\/\/jms.com.bo\/mediamonitor\/wp-json\/wp\/v2\/posts\/65801","targetHints":{"allow":["GET"]}}],"collection":[{"href":"https:\/\/jms.com.bo\/mediamonitor\/wp-json\/wp\/v2\/posts"}],"about":[{"href":"https:\/\/jms.com.bo\/mediamonitor\/wp-json\/wp\/v2\/types\/post"}],"author":[{"embeddable":true,"href":"https:\/\/jms.com.bo\/mediamonitor\/wp-json\/wp\/v2\/users\/4"}],"replies":[{"embeddable":true,"href":"https:\/\/jms.com.bo\/mediamonitor\/wp-json\/wp\/v2\/comments?post=65801"}],"version-history":[{"count":0,"href":"https:\/\/jms.com.bo\/mediamonitor\/wp-json\/wp\/v2\/posts\/65801\/revisions"}],"wp:featuredmedia":[{"embeddable":true,"href":"https:\/\/jms.com.bo\/mediamonitor\/wp-json\/wp\/v2\/media\/65803"}],"wp:attachment":[{"href":"https:\/\/jms.com.bo\/mediamonitor\/wp-json\/wp\/v2\/media?parent=65801"}],"wp:term":[{"taxonomy":"category","embeddable":true,"href":"https:\/\/jms.com.bo\/mediamonitor\/wp-json\/wp\/v2\/categories?post=65801"},{"taxonomy":"post_tag","embeddable":true,"href":"https:\/\/jms.com.bo\/mediamonitor\/wp-json\/wp\/v2\/tags?post=65801"}],"curies":[{"name":"wp","href":"https:\/\/api.w.org\/{rel}","templated":true}]}}