{"id":65804,"date":"2024-05-08T05:59:45","date_gmt":"2024-05-08T09:59:45","guid":{"rendered":"https:\/\/jms.com.bo\/mediamonitor\/2024\/05\/08\/farmacias-en-cochabamba-se-declaran-en-emergencia-ante-el-alza-de-precios-en-medicamentos\/"},"modified":"2024-05-08T05:59:45","modified_gmt":"2024-05-08T09:59:45","slug":"farmacias-en-cochabamba-se-declaran-en-emergencia-ante-el-alza-de-precios-en-medicamentos","status":"publish","type":"post","link":"https:\/\/jms.com.bo\/mediamonitor\/2024\/05\/08\/farmacias-en-cochabamba-se-declaran-en-emergencia-ante-el-alza-de-precios-en-medicamentos\/","title":{"rendered":"Farmacias en Cochabamba se declaran en emergencia ante el alza de precios en medicamentos"},"content":{"rendered":"<p style=\"text-align: justify;\">\u201cLas farmacias de Cochabamba estamos en alerta, porque ha habido un incremento de precios en la totalidad de las distribuidoras. Lamentablemente es el paciente, el p\u00fablico en general quien siente est\u00e1 alza de precios\u201d.<\/p>\n<p style=\"text-align: justify;\">As\u00ed la coordinadora del Colegio de Bioqu\u00edmica y Farmacias de Cochabamba, Carla Torrez, explic\u00f3 la preocupaci\u00f3n del sector por el alza de precios que afectar\u00e1 el bolsillo de las familias y el abastecimiento particularmente en medicamentos importados.<\/p>\n<p style=\"text-align: justify;\">Aclar\u00f3 que no son las farmacias que incrementan los precios, sino las distribuidoras atribuyen esta situaci\u00f3n a la falta de d\u00f3lares que les dificulta la importaci\u00f3n de medicamentos y materias primas.<\/p>\n<p style=\"text-align: justify;\">La coordinadora explic\u00f3 que existen incrementos de 10% a 30% en los medicamentos, incluyendo los que se venden sin receta.<\/p>\n<p style=\"text-align: justify;\">\u201cHan incrementado los antigripales por ejemplo, que estamos en la \u00e9poca de la influenza. Llos que sal\u00edan 5 bolivianos o 5,50, ahora est\u00e1n a 6 bolivianos, 6,20; un ibuprofeno que sal\u00eda 50 centavos ahora est\u00e1 a 60, 70 centavos\u201d, dijo la representante a Erbol.<\/p>\n<p style=\"text-align: justify;\">Se\u00f1al\u00f3 que es pretende dialogar para que el incremento no sea muy fuerte. Alert\u00f3 que incluso est\u00e1n en escasez los medicamentos complejos que se usan en terapia intensiva y antibi\u00f3ticos de gama alta.<\/p>\n","protected":false},"excerpt":{"rendered":"<p>\u201cLas farmacias de Cochabamba estamos en alerta, porque ha habido un incremento de precios en la totalidad de las distribuidoras. Lamentablemente es el paciente, el p\u00fablico en general quien siente est\u00e1 alza de precios\u201d. As\u00ed la coordinadora del Colegio de Bioqu\u00edmica y Farmacias de Cochabamba, Carla Torrez, explic\u00f3 la preocupaci\u00f3n del sector por el alza [&hellip;]<\/p>\n","protected":false},"author":4,"featured_media":65805,"comment_status":"open","ping_status":"closed","sticky":false,"template":"","format":"standard","meta":{"footnotes":""},"categories":[49],"tags":[],"class_list":{"0":"post-65804","1":"post","2":"type-post","3":"status-publish","4":"format-standard","5":"has-post-thumbnail","7":"category-social"},"_links":{"self":[{"href":"https:\/\/jms.com.bo\/mediamonitor\/wp-json\/wp\/v2\/posts\/65804","targetHints":{"allow":["GET"]}}],"collection":[{"href":"https:\/\/jms.com.bo\/mediamonitor\/wp-json\/wp\/v2\/posts"}],"about":[{"href":"https:\/\/jms.com.bo\/mediamonitor\/wp-json\/wp\/v2\/types\/post"}],"author":[{"embeddable":true,"href":"https:\/\/jms.com.bo\/mediamonitor\/wp-json\/wp\/v2\/users\/4"}],"replies":[{"embeddable":true,"href":"https:\/\/jms.com.bo\/mediamonitor\/wp-json\/wp\/v2\/comments?post=65804"}],"version-history":[{"count":0,"href":"https:\/\/jms.com.bo\/mediamonitor\/wp-json\/wp\/v2\/posts\/65804\/revisions"}],"wp:featuredmedia":[{"embeddable":true,"href":"https:\/\/jms.com.bo\/mediamonitor\/wp-json\/wp\/v2\/media\/65805"}],"wp:attachment":[{"href":"https:\/\/jms.com.bo\/mediamonitor\/wp-json\/wp\/v2\/media?parent=65804"}],"wp:term":[{"taxonomy":"category","embeddable":true,"href":"https:\/\/jms.com.bo\/mediamonitor\/wp-json\/wp\/v2\/categories?post=65804"},{"taxonomy":"post_tag","embeddable":true,"href":"https:\/\/jms.com.bo\/mediamonitor\/wp-json\/wp\/v2\/tags?post=65804"}],"curies":[{"name":"wp","href":"https:\/\/api.w.org\/{rel}","templated":true}]}}