{"id":65806,"date":"2024-05-08T06:01:24","date_gmt":"2024-05-08T10:01:24","guid":{"rendered":"https:\/\/jms.com.bo\/mediamonitor\/2024\/05\/08\/los-gremiales-se-declaran-en-emergencia-se-movilizan-y-demandan-acceso-a-dolares\/"},"modified":"2024-05-08T06:01:24","modified_gmt":"2024-05-08T10:01:24","slug":"los-gremiales-se-declaran-en-emergencia-se-movilizan-y-demandan-acceso-a-dolares","status":"publish","type":"post","link":"https:\/\/jms.com.bo\/mediamonitor\/2024\/05\/08\/los-gremiales-se-declaran-en-emergencia-se-movilizan-y-demandan-acceso-a-dolares\/","title":{"rendered":"Los gremiales se declaran en emergencia, se movilizan y demandan acceso a d\u00f3lares"},"content":{"rendered":"<p style=\"text-align: justify;\">Los trabajadores gremiales del pa\u00eds se declararon en emergencia y resolvieron movilizarse de forma permanente con la finalidad de exigir al Gobierno nacional el acceso a d\u00f3lares para la compra de mercader\u00eda en el exterior.<\/p>\n<p style=\"text-align: justify;\">El secretario ejecutivo de la Confederaci\u00f3n Nacional de Trabajadores Gremiales y por Cuenta Propia de Bolivia, Cesar Gonzales, en entrevista con Los Tiempos, dijo que su sector, en el \u00faltimo ampliado que se llev\u00f3 a cabo en la ciudad de La Paz el 22 de abril, abord\u00f3 varias tem\u00e1ticas, entre ellas, la crisis econ\u00f3mica.<\/p>\n<p style=\"text-align: justify;\">Indic\u00f3 que actualmente el sector gremial no puede acceder a d\u00f3lares para la compra de mercader\u00eda y cuando acuden a un banco para hacer un env\u00edo al exterior deben pagar una comisi\u00f3n entre 10 y 12 por ciento, lo cual encarece los costos de los productos.<\/p>\n<p style=\"text-align: justify;\">\u201cActualmente no hay d\u00f3lares y por m\u00e1s que tengas d\u00f3lares vas al banco y te cobran una comisi\u00f3n del 10 por ciento, antes era hasta 25 por ciento, por hacer la transferencia (del dinero) al proveedor de mercader\u00edas en China u otro pa\u00eds\u201d, apunt\u00f3.<\/p>\n<p style=\"text-align: justify;\">Indic\u00f3 que otra dificultad que se tiene por la escasez de d\u00f3lares es el no poder cumplir con el pago oportuno al nav\u00edo que transporta la mercanc\u00eda desde el pa\u00eds de origen y, como hay retraso en la transacci\u00f3n, el traslado de los productos a destino se demora ahora hasta tres meses, antes tardaba s\u00f3lo un mes.<\/p>\n<p style=\"text-align: justify;\">Gonzales afirm\u00f3 que, de las 10 importadoras de mercader\u00eda que proveen a los gremiales, s\u00f3lo dos siguen en el negocio y las dem\u00e1s prefieren no arriesgarse ante la falta de la divisa estadounidense.<\/p>\n<p style=\"text-align: justify;\">Movilizaci\u00f3n<\/p>\n<p style=\"text-align: justify;\">Ayer por la ma\u00f1ana, un grupo numeroso de gremiales de El Alto march\u00f3 por el centro de la ciudad de La Paz para protestar por la falta de d\u00f3lares. El dirigente del sector, Antonio Si\u00f1ani, dijo que la escasez de la divisa estadounidense genera el incremento de los precios de los productos que comercializan.<\/p>\n<p style=\"text-align: justify;\">Varios insumos comenzaron a subir, inclusive en los precios al por mayor de los intermediarios, lo cual repercute en los ingresos de los comerciantes, puesto que se han visto reducidas sus ventas.<\/p>\n<p style=\"text-align: justify;\">Farmac\u00e9uticos<\/p>\n<p style=\"text-align: justify;\">Otro sector afectado por la escasez de d\u00f3lares es la industria farmac\u00e9utica, cuyos representantes y directivos de la C\u00e1mara Nacional de Industrias (CNI) se entrevistaron el lunes con el ministro de Econom\u00eda, Marcelo Montenegro, con quien acordaron volver a reunirse el jueves para tratar alternativas de acceso a la divisa estadounidense por parte del sector.<\/p>\n<p style=\"text-align: justify;\">\u201c(Montenegro) se comprometi\u00f3 a que este jueves volvamos a reunirnos y tener alternativas de soluci\u00f3n, dentro de las cuales est\u00e1 que nuestro sector pueda acceder a d\u00f3lares a trav\u00e9s del Banco Uni\u00f3n\u201d, inform\u00f3 en contacto con Panamericana, el gerente de la C\u00e1mara de la Industria Farmac\u00e9utica Boliviana (Cifabol), Josip Lino.<\/p>\n<p style=\"text-align: justify;\">Mencion\u00f3 que, en la reuni\u00f3n que sostuvieron el lunes con el Ministro de Econom\u00eda, se evalu\u00f3 la situaci\u00f3n de la industria farmac\u00e9utica respecto al acceso al d\u00f3lar, las limitaciones y las complicaciones que tienen en el comercio exterior en el pago a proveedores de insumos y otros.<\/p>\n","protected":false},"excerpt":{"rendered":"<p>Los trabajadores gremiales del pa\u00eds se declararon en emergencia y resolvieron movilizarse de forma permanente con la finalidad de exigir al Gobierno nacional el acceso a d\u00f3lares para la compra de mercader\u00eda en el exterior. El secretario ejecutivo de la Confederaci\u00f3n Nacional de Trabajadores Gremiales y por Cuenta Propia de Bolivia, Cesar Gonzales, en entrevista [&hellip;]<\/p>\n","protected":false},"author":4,"featured_media":65807,"comment_status":"open","ping_status":"closed","sticky":false,"template":"","format":"standard","meta":{"footnotes":""},"categories":[49],"tags":[],"class_list":{"0":"post-65806","1":"post","2":"type-post","3":"status-publish","4":"format-standard","5":"has-post-thumbnail","7":"category-social"},"_links":{"self":[{"href":"https:\/\/jms.com.bo\/mediamonitor\/wp-json\/wp\/v2\/posts\/65806","targetHints":{"allow":["GET"]}}],"collection":[{"href":"https:\/\/jms.com.bo\/mediamonitor\/wp-json\/wp\/v2\/posts"}],"about":[{"href":"https:\/\/jms.com.bo\/mediamonitor\/wp-json\/wp\/v2\/types\/post"}],"author":[{"embeddable":true,"href":"https:\/\/jms.com.bo\/mediamonitor\/wp-json\/wp\/v2\/users\/4"}],"replies":[{"embeddable":true,"href":"https:\/\/jms.com.bo\/mediamonitor\/wp-json\/wp\/v2\/comments?post=65806"}],"version-history":[{"count":0,"href":"https:\/\/jms.com.bo\/mediamonitor\/wp-json\/wp\/v2\/posts\/65806\/revisions"}],"wp:featuredmedia":[{"embeddable":true,"href":"https:\/\/jms.com.bo\/mediamonitor\/wp-json\/wp\/v2\/media\/65807"}],"wp:attachment":[{"href":"https:\/\/jms.com.bo\/mediamonitor\/wp-json\/wp\/v2\/media?parent=65806"}],"wp:term":[{"taxonomy":"category","embeddable":true,"href":"https:\/\/jms.com.bo\/mediamonitor\/wp-json\/wp\/v2\/categories?post=65806"},{"taxonomy":"post_tag","embeddable":true,"href":"https:\/\/jms.com.bo\/mediamonitor\/wp-json\/wp\/v2\/tags?post=65806"}],"curies":[{"name":"wp","href":"https:\/\/api.w.org\/{rel}","templated":true}]}}