{"id":65810,"date":"2024-05-08T06:04:39","date_gmt":"2024-05-08T10:04:39","guid":{"rendered":"https:\/\/jms.com.bo\/mediamonitor\/2024\/05\/08\/alcaldia-de-cochabamba-no-descarta-posible-alza-de-las-tarifas-del-transporte\/"},"modified":"2024-05-08T06:04:39","modified_gmt":"2024-05-08T10:04:39","slug":"alcaldia-de-cochabamba-no-descarta-posible-alza-de-las-tarifas-del-transporte","status":"publish","type":"post","link":"https:\/\/jms.com.bo\/mediamonitor\/2024\/05\/08\/alcaldia-de-cochabamba-no-descarta-posible-alza-de-las-tarifas-del-transporte\/","title":{"rendered":"Alcald\u00eda de Cochabamba no descarta posible alza de las tarifas del transporte"},"content":{"rendered":"<p style=\"text-align: justify;\">La Direcci\u00f3n de Movilidad Urbana de la Alcald\u00eda de Cochabamba no descarta \u201cning\u00fan tipo de situaci\u00f3n\u201d respecto de las tarifas del transporte urbano en el municipio, seg\u00fan declar\u00f3 a Los Tiempos Hever Rojas, titular de esa repartici\u00f3n.<\/p>\n<p style=\"text-align: justify;\">La Federaci\u00f3n Sindical del Autotransporte de Cochabamba ha solicitado hace dos meses la elevaci\u00f3n del precio del pasaje en micros, minibuses y trufis que operan en la capital cochabambina, y el Comit\u00e9 de Transporte del Municipio decidi\u00f3 hacer estudios del costo de operaciones para dar una respuesta a su demanda.<\/p>\n<p style=\"text-align: justify;\">La solicitud de los transportistas est\u00e1 motivada por el incremento de precios en los lubricantes y repuestos para sus veh\u00edculos como efecto de la escasez de d\u00f3lares.<\/p>\n<p style=\"text-align: justify;\">El mencionado estudio est\u00e1 en \u201cla \u00faltima parte, justo estamos ingresando los datos de la longitud de los recogidos, cantidad de vueltas, cantidad de pasajeros, tiempo del recorrido y otros temas\u201d, refiri\u00f3 Rojas, antes de anunciar que \u201cen funci\u00f3n de estos dos datos se puede establecer un equilibrio implementando una tarifa que no sabemos en este momento si se mantiene, sube dr\u00e1sticamente o pr\u00e1cticamente la variaci\u00f3n es m\u00ednima o no, eso lo sabremos hasta el d\u00eda jueves y en funci\u00f3n a eso escucharemos a todas las instituciones para llegar a un consenso\u201d.<\/p>\n<p style=\"text-align: justify;\">El posible incremento de las tarifas de transporte urbano recobr\u00f3 actualidad con el anuncio de un ampliado nacional del sector, que se realizar\u00e1 el viernes en La Paz, donde se tratar\u00e1 tambi\u00e9n ese tema porque \u201clos costos de operaciones, los precios de repuestos han subido un 300 por ciento en algunos casos, adem\u00e1s del precio de los lubricantes\u201d, seg\u00fan declar\u00f3 ayer Lucio G\u00f3mez, ejecutivo de la Confederaci\u00f3n de Choferes de Bolivia.<\/p>\n<p style=\"text-align: justify;\">Al respecto, el secretario ejecutivo de la Federaci\u00f3n Sindical del Autotransporte Cochabamba, Jos\u00e9 Orellana, declar\u00f3 que \u201cel alza de tarifas de transporte no se ejecuta porque la Ley 165 establece un procedimiento, previamente tiene que hacer un estudio t\u00e9cnico\u201d.<\/p>\n<p style=\"text-align: justify;\">Rojas anunci\u00f3 que las negociaciones para determinar qu\u00e9 pasa con las tarifas del transporte urbano se iniciar\u00e1n la pr\u00f3xima semana con base al estudio sobre los costos de operaciones.<\/p>\n<p style=\"text-align: justify;\">\n","protected":false},"excerpt":{"rendered":"<p>La Direcci\u00f3n de Movilidad Urbana de la Alcald\u00eda de Cochabamba no descarta \u201cning\u00fan tipo de situaci\u00f3n\u201d respecto de las tarifas del transporte urbano en el municipio, seg\u00fan declar\u00f3 a Los Tiempos Hever Rojas, titular de esa repartici\u00f3n. La Federaci\u00f3n Sindical del Autotransporte de Cochabamba ha solicitado hace dos meses la elevaci\u00f3n del precio del pasaje [&hellip;]<\/p>\n","protected":false},"author":4,"featured_media":65811,"comment_status":"open","ping_status":"closed","sticky":false,"template":"","format":"standard","meta":{"footnotes":""},"categories":[20],"tags":[],"class_list":{"0":"post-65810","1":"post","2":"type-post","3":"status-publish","4":"format-standard","5":"has-post-thumbnail","7":"category-actualidad"},"_links":{"self":[{"href":"https:\/\/jms.com.bo\/mediamonitor\/wp-json\/wp\/v2\/posts\/65810","targetHints":{"allow":["GET"]}}],"collection":[{"href":"https:\/\/jms.com.bo\/mediamonitor\/wp-json\/wp\/v2\/posts"}],"about":[{"href":"https:\/\/jms.com.bo\/mediamonitor\/wp-json\/wp\/v2\/types\/post"}],"author":[{"embeddable":true,"href":"https:\/\/jms.com.bo\/mediamonitor\/wp-json\/wp\/v2\/users\/4"}],"replies":[{"embeddable":true,"href":"https:\/\/jms.com.bo\/mediamonitor\/wp-json\/wp\/v2\/comments?post=65810"}],"version-history":[{"count":0,"href":"https:\/\/jms.com.bo\/mediamonitor\/wp-json\/wp\/v2\/posts\/65810\/revisions"}],"wp:featuredmedia":[{"embeddable":true,"href":"https:\/\/jms.com.bo\/mediamonitor\/wp-json\/wp\/v2\/media\/65811"}],"wp:attachment":[{"href":"https:\/\/jms.com.bo\/mediamonitor\/wp-json\/wp\/v2\/media?parent=65810"}],"wp:term":[{"taxonomy":"category","embeddable":true,"href":"https:\/\/jms.com.bo\/mediamonitor\/wp-json\/wp\/v2\/categories?post=65810"},{"taxonomy":"post_tag","embeddable":true,"href":"https:\/\/jms.com.bo\/mediamonitor\/wp-json\/wp\/v2\/tags?post=65810"}],"curies":[{"name":"wp","href":"https:\/\/api.w.org\/{rel}","templated":true}]}}