{"id":65816,"date":"2024-05-08T06:10:33","date_gmt":"2024-05-08T10:10:33","guid":{"rendered":"https:\/\/jms.com.bo\/mediamonitor\/2024\/05\/08\/comision-de-constitucion-pide-a-choquehuanca-convocar-a-asamblea-para-definir-futuro-de-elecciones-judiciales\/"},"modified":"2024-05-08T06:10:33","modified_gmt":"2024-05-08T10:10:33","slug":"comision-de-constitucion-pide-a-choquehuanca-convocar-a-asamblea-para-definir-futuro-de-elecciones-judiciales","status":"publish","type":"post","link":"https:\/\/jms.com.bo\/mediamonitor\/2024\/05\/08\/comision-de-constitucion-pide-a-choquehuanca-convocar-a-asamblea-para-definir-futuro-de-elecciones-judiciales\/","title":{"rendered":"Comisi\u00f3n de Constituci\u00f3n pide a Choquehuanca convocar a Asamblea para definir futuro de elecciones judiciales"},"content":{"rendered":"<p style=\"text-align: justify;\">Los parlamentarios que integran la Comisi\u00f3n Mixta de Constituci\u00f3n enviaron una carta al vicepresidente, David Choquehuanca, para pedirle que convoque a una sesi\u00f3n de Asamblea y finir en esa instancia el camino que seguir\u00e1 la preselecci\u00f3n de magistrados al \u00d3rgano Judicial. La comisi\u00f3n mixta de Justicia Plural reci\u00e9n sesionar\u00e1 el mi\u00e9rcoles.<\/p>\n<p style=\"text-align: justify;\">\u201cVamos a remitir nuestros informes tambi\u00e9n al pleno de la asamblea, al presidente nato de la Asamblea para que \u00e9l pueda tomar acciones y pueda tomar decisiones para convocar al pleno de la Asamblea\u201d, dijo el presidente de la comisi\u00f3n mixta, Miguel Rejas (MAS-ala evista).<\/p>\n<p style=\"text-align: justify;\">Siete de los 13 parlamentarios que integran esta instancia legislativa apoyaron la moci\u00f3n que present\u00f3 la senadora Andrea Barrientos; aunque los diputados pusieron reparos en una sesi\u00f3n de Asamblea puesto que existe una amplia agenda de esta instancia y Choquehuanca no convoca hace meses.<\/p>\n<p style=\"text-align: justify;\">La senadora Silvia Salame afirm\u00f3 que lo \u00fanico que se requiere es que la Asamblea autorice a proseguir con el calendario de la preselecci\u00f3n porque factores externos -las demandas judiciales- paralizaron el proceso y por tanto las comisiones mixtas pueden proseguir con autorizaci\u00f3n congresal.<\/p>\n<p style=\"text-align: justify;\">El diputado, Jos\u00e9 Luis Flores (MAS-ala arcista) record\u00f3 que su bancada propuso reabrir las postulaciones para mujeres e ind\u00edgenas en distintas regiones donde no hab\u00eda postulantes y que la propuesta de los arcistas perdi\u00f3 por un voto y ahora est\u00e1n enfrentando esta ola de demandas.<\/p>\n<p style=\"text-align: justify;\">La senadora Lily Fern\u00e1ndez (CC) afirm\u00f3 que la convocatoria de Asamblea es \u00fanico camino que tienen porque debe ser el ente mayor el que se pronuncie y dijo que existen varios pedidos para que se convoque a Asamblea y se tomen decisiones.<\/p>\n<p style=\"text-align: justify;\">El factor Pando<\/p>\n<p style=\"text-align: justify;\">La legisladora Salame, exmagistrada del TCP, calific\u00f3 como \u201crid\u00edcula\u201d la decisi\u00f3n de los vocales de Pando por dos razones esenciales: la primera es que el fallo anula la ley 1549 y el reglamento, cuando no existe ning\u00fan reglamento, lo que desnuda el desconocimiento de la ley de parte de los vocales pandinos.<\/p>\n<p style=\"text-align: justify;\">La segunda raz\u00f3n es que el fallo est\u00e1 pidiendo una nueva convocatoria a preselecci\u00f3n judicial pero con reglas especiales para los postulantes de Pando tomando en cuenta las condiciones socioecon\u00f3micas de la regi\u00f3n. \u201cNos pide una ley departamental\u201d, resumi\u00f3 Salame.<\/p>\n<p style=\"text-align: justify;\">\u201cDictando medidas de acci\u00f3n afirmativa o positiva adecuadas de flexibilizaci\u00f3n en los requisitos habilitantes y calificaci\u00f3n de m\u00e9ritos a los postulantes de Pando, mujeres e ind\u00edgenas, mediante reglas diferenciadas acordes con la realidad del departamento, valoraci\u00f3n de experiencia profesional de la mujer postulante de Pando\u201d, se\u00f1ala parte de la resoluci\u00f3n de la sala constitucional de Pando.<\/p>\n","protected":false},"excerpt":{"rendered":"<p>Los parlamentarios que integran la Comisi\u00f3n Mixta de Constituci\u00f3n enviaron una carta al vicepresidente, David Choquehuanca, para pedirle que convoque a una sesi\u00f3n de Asamblea y finir en esa instancia el camino que seguir\u00e1 la preselecci\u00f3n de magistrados al \u00d3rgano Judicial. La comisi\u00f3n mixta de Justicia Plural reci\u00e9n sesionar\u00e1 el mi\u00e9rcoles. \u201cVamos a remitir nuestros [&hellip;]<\/p>\n","protected":false},"author":4,"featured_media":65817,"comment_status":"open","ping_status":"closed","sticky":false,"template":"","format":"standard","meta":{"footnotes":""},"categories":[18],"tags":[],"class_list":{"0":"post-65816","1":"post","2":"type-post","3":"status-publish","4":"format-standard","5":"has-post-thumbnail","7":"category-politica"},"_links":{"self":[{"href":"https:\/\/jms.com.bo\/mediamonitor\/wp-json\/wp\/v2\/posts\/65816","targetHints":{"allow":["GET"]}}],"collection":[{"href":"https:\/\/jms.com.bo\/mediamonitor\/wp-json\/wp\/v2\/posts"}],"about":[{"href":"https:\/\/jms.com.bo\/mediamonitor\/wp-json\/wp\/v2\/types\/post"}],"author":[{"embeddable":true,"href":"https:\/\/jms.com.bo\/mediamonitor\/wp-json\/wp\/v2\/users\/4"}],"replies":[{"embeddable":true,"href":"https:\/\/jms.com.bo\/mediamonitor\/wp-json\/wp\/v2\/comments?post=65816"}],"version-history":[{"count":0,"href":"https:\/\/jms.com.bo\/mediamonitor\/wp-json\/wp\/v2\/posts\/65816\/revisions"}],"wp:featuredmedia":[{"embeddable":true,"href":"https:\/\/jms.com.bo\/mediamonitor\/wp-json\/wp\/v2\/media\/65817"}],"wp:attachment":[{"href":"https:\/\/jms.com.bo\/mediamonitor\/wp-json\/wp\/v2\/media?parent=65816"}],"wp:term":[{"taxonomy":"category","embeddable":true,"href":"https:\/\/jms.com.bo\/mediamonitor\/wp-json\/wp\/v2\/categories?post=65816"},{"taxonomy":"post_tag","embeddable":true,"href":"https:\/\/jms.com.bo\/mediamonitor\/wp-json\/wp\/v2\/tags?post=65816"}],"curies":[{"name":"wp","href":"https:\/\/api.w.org\/{rel}","templated":true}]}}