{"id":65822,"date":"2024-05-08T06:15:46","date_gmt":"2024-05-08T10:15:46","guid":{"rendered":"https:\/\/jms.com.bo\/mediamonitor\/2024\/05\/08\/gobierno-asegura-que-entregara-25-plantas-industriales-este-ano-con-una-inversion-de-bs-1-700-millones\/"},"modified":"2024-05-08T06:15:46","modified_gmt":"2024-05-08T10:15:46","slug":"gobierno-asegura-que-entregara-25-plantas-industriales-este-ano-con-una-inversion-de-bs-1-700-millones","status":"publish","type":"post","link":"https:\/\/jms.com.bo\/mediamonitor\/2024\/05\/08\/gobierno-asegura-que-entregara-25-plantas-industriales-este-ano-con-una-inversion-de-bs-1-700-millones\/","title":{"rendered":"Gobierno asegura que entregar\u00e1 25 plantas industriales este a\u00f1o, con una inversi\u00f3n de Bs 1.700 millones"},"content":{"rendered":"<p style=\"text-align: justify;\">El viceministro de Pol\u00edticas de Industrializaci\u00f3n, Luis Siles, inform\u00f3 este martes que el Ministerio de Desarrollo Productivo y Econom\u00eda Plural entregar\u00e1 este a\u00f1o unas 25 plantas industriales, con una inversi\u00f3n de Bs 1.700 millones.<\/p>\n<p style=\"text-align: justify;\">La autoridad destac\u00f3 la implementaci\u00f3n del Centro de Almacenamiento y Transformaci\u00f3n de Granos en el municipio de Yacuiba, con una inversi\u00f3n de Bs 122 millones y la pronta inauguraci\u00f3n de la Planta de Transformaci\u00f3n, Centro de Acopio y Almacenamiento de Papa en El Alto con una inversi\u00f3n de Bs 163 millones.<\/p>\n<p style=\"text-align: justify;\">Asimismo, la Planta de Almacenamiento y Transformaci\u00f3n de Cereales en el municipio de Viacha por un monto de Bs 182 millones y la Planta Pisc\u00edcola en el lago Titicaca con una inversi\u00f3n de Bs 88 millones.<\/p>\n<p style=\"text-align: justify;\">\u201cEste a\u00f1o, nuestro ministerio entregar\u00e1 25 plantas industriales, de esas plantas m\u00e1s de la mitad tienen que ver con las empresas que est\u00e1 instalando Emapa, el monto de inversi\u00f3n supera los 1.700 millones de bolivianos\u201d, afirm\u00f3 Siles.<\/p>\n<p style=\"text-align: justify;\">\u201cEmapa es el mayor distribuidor de alimentos y de productos nacionales del pa\u00eds, pero adem\u00e1s garantiza la soberan\u00eda alimentaria, a trav\u00e9s de la subvenci\u00f3n a tres granos muy importantes como son el arroz, el trigo y el ma\u00edz. La tarea de Emapa es fundamental en el Modelo Econ\u00f3mico Social Comunitario Productivo y en la pol\u00edtica de industrializaci\u00f3n para la dinamizaci\u00f3n de la econom\u00eda y para garantizar la seguridad alimentaria\u201d, destac\u00f3 el viceministro.<\/p>\n<p style=\"text-align: justify;\">A su turno, el viceministro de Comercio y Log\u00edstica Interna, Grover Lacoa, a\u00f1adi\u00f3 que el Gobierno nacional impulsa la compra, acopio y transformaci\u00f3n de granos.<\/p>\n<p style=\"text-align: justify;\">El \u2018proceso de industrializaci\u00f3n\u2019 que lleva adelante el Gobierno ha sido criticado desde distintas esferas del pa\u00eds, que ponen como ejemplo el proyecto de industrializaci\u00f3n del litio -el m\u00e1s emblem\u00e1tico-, que hasta el momento solo ha derivado en procesos judiciales contra exautoridades del gobierno de Evo Morales.<\/p>\n<p style=\"text-align: justify;\">El plan del Gobierno central es construir m\u00e1s de 130 plantas industriales, con una inversi\u00f3n de m\u00e1s de Bs 24.816 millones, sin considerar al sector privado, que hasta ahora se queja por la escasez de d\u00f3lares que hace encarecer los insumos que se importan.<\/p>\n<p style=\"text-align: justify;\">El ministro de Planificaci\u00f3n del Desarrollo, Sergio Cusicanqui, dijo al respecto que espera que el sector privado acompa\u00f1e. \u201cEstamos llevando un proceso de industrializaci\u00f3n a partir del Estado, pero tambi\u00e9n esperamos que el sector privado nos acompa\u00f1e. Si el Estado est\u00e1 presente en este proceso es porque los privados en algunos sectores no han tenido la iniciativa de participar, como en el caso de la qu\u00edmica b\u00e1sica que nos va a dar insumos para fomentar otras industrias\u201d, dijo a EL DEBER el pasado domingo.<\/p>\n","protected":false},"excerpt":{"rendered":"<p>El viceministro de Pol\u00edticas de Industrializaci\u00f3n, Luis Siles, inform\u00f3 este martes que el Ministerio de Desarrollo Productivo y Econom\u00eda Plural entregar\u00e1 este a\u00f1o unas 25 plantas industriales, con una inversi\u00f3n de Bs 1.700 millones. La autoridad destac\u00f3 la implementaci\u00f3n del Centro de Almacenamiento y Transformaci\u00f3n de Granos en el municipio de Yacuiba, con una inversi\u00f3n [&hellip;]<\/p>\n","protected":false},"author":4,"featured_media":65823,"comment_status":"open","ping_status":"closed","sticky":false,"template":"","format":"standard","meta":{"footnotes":""},"categories":[25],"tags":[],"class_list":{"0":"post-65822","1":"post","2":"type-post","3":"status-publish","4":"format-standard","5":"has-post-thumbnail","7":"category-economia"},"_links":{"self":[{"href":"https:\/\/jms.com.bo\/mediamonitor\/wp-json\/wp\/v2\/posts\/65822","targetHints":{"allow":["GET"]}}],"collection":[{"href":"https:\/\/jms.com.bo\/mediamonitor\/wp-json\/wp\/v2\/posts"}],"about":[{"href":"https:\/\/jms.com.bo\/mediamonitor\/wp-json\/wp\/v2\/types\/post"}],"author":[{"embeddable":true,"href":"https:\/\/jms.com.bo\/mediamonitor\/wp-json\/wp\/v2\/users\/4"}],"replies":[{"embeddable":true,"href":"https:\/\/jms.com.bo\/mediamonitor\/wp-json\/wp\/v2\/comments?post=65822"}],"version-history":[{"count":0,"href":"https:\/\/jms.com.bo\/mediamonitor\/wp-json\/wp\/v2\/posts\/65822\/revisions"}],"wp:featuredmedia":[{"embeddable":true,"href":"https:\/\/jms.com.bo\/mediamonitor\/wp-json\/wp\/v2\/media\/65823"}],"wp:attachment":[{"href":"https:\/\/jms.com.bo\/mediamonitor\/wp-json\/wp\/v2\/media?parent=65822"}],"wp:term":[{"taxonomy":"category","embeddable":true,"href":"https:\/\/jms.com.bo\/mediamonitor\/wp-json\/wp\/v2\/categories?post=65822"},{"taxonomy":"post_tag","embeddable":true,"href":"https:\/\/jms.com.bo\/mediamonitor\/wp-json\/wp\/v2\/tags?post=65822"}],"curies":[{"name":"wp","href":"https:\/\/api.w.org\/{rel}","templated":true}]}}