{"id":65826,"date":"2024-05-08T06:18:24","date_gmt":"2024-05-08T10:18:24","guid":{"rendered":"https:\/\/jms.com.bo\/mediamonitor\/2024\/05\/08\/falta-de-dolares-encarece-linea-blanca-y-negra-tambien-afecta-al-turismo-y-gremiales-bajan-sus-ventas\/"},"modified":"2024-05-08T06:18:24","modified_gmt":"2024-05-08T10:18:24","slug":"falta-de-dolares-encarece-linea-blanca-y-negra-tambien-afecta-al-turismo-y-gremiales-bajan-sus-ventas","status":"publish","type":"post","link":"https:\/\/jms.com.bo\/mediamonitor\/2024\/05\/08\/falta-de-dolares-encarece-linea-blanca-y-negra-tambien-afecta-al-turismo-y-gremiales-bajan-sus-ventas\/","title":{"rendered":"Falta de d\u00f3lares encarece l\u00ednea blanca y negra, tambi\u00e9n afecta al turismo y gremiales bajan sus ventas"},"content":{"rendered":"<p style=\"text-align: justify;\">La falta de d\u00f3lares en la econom\u00eda del pa\u00eds deriv\u00f3 en el incremento de precios de equipos de la l\u00ednea blanca (cocinas, refrigeradores) y negra (computadoras y equpos electr\u00f3nicos); los gremiales advierten que sus ventas bajaron porque las familias destinan sus recursos a la canasta familiar; y las empresas de turismo advierten dificultades para seguir operando.<\/p>\n<p style=\"text-align: justify;\">\u201cNosotros salimos a las calles a buscar d\u00f3lares, llegamos (al mercado) paralelo a comprar en 8,3 bolivianos un d\u00f3lar, pero al d\u00eda siguiente ya se lo vende a 8,5 bolivianos. Est\u00e1n subiendo los productos que ofrecemos por el incremento de esta moneda que va en perjuicio no s\u00f3lo de los comerciantes, sino de todos los bolivianos que nos acostumbramos a hacer nuestras transacciones en d\u00f3lares\u201d, declar\u00f3 la representante de los importadores de l\u00ednea blanca y negra, Mercedes Quisbert.<\/p>\n<p style=\"text-align: justify;\">Incluso, la comerciante inform\u00f3 que cuando hacen transferencias en bolivianos para adquirir productos en d\u00f3lares deben hacerlo al costo del mercado paralelo puesto que los proveedores ya no les aceptan al tipo de cambio oficial.<\/p>\n<p style=\"text-align: justify;\">El dirigente del sector gremial de El Alto, To\u00f1o Si\u00f1ani, inform\u00f3 que los comerciantes minoristas \u201cest\u00e1n sufriendo\u201d por la falta de d\u00f3lares en la econom\u00eda nacional. \u201cNos est\u00e1n haciendo subir los productos y el Gobierno no arregl\u00f3 este problema. En el mercado paralelo cada d\u00f3lar est\u00e1 a 8,7 bolivianos\u201d.<\/p>\n<p style=\"text-align: justify;\">\u201cHace tiempo que el Gobierno se comprometi\u00f3 a que habr\u00e1 d\u00f3lares. Por eso, los gremiales estamos muy molestos, porque en vez de dar empleo nos est\u00e1 afectando. Para pagar los cr\u00e9ditos debemos rematar la mercader\u00eda. Nosotros subimos el precio porque la gente ya no quiere comprar diferentes art\u00edculos. La ciudadan\u00eda s\u00f3lo se ocupa de gastar en la canasta familiar\u201d, afirm\u00f3.<\/p>\n<p style=\"text-align: justify;\">La directora de la C\u00e1mara Boliviana de Turismo, Mar\u00eda Lourdes Benavides, pidi\u00f3 estabilidad social, pol\u00edtica y econ\u00f3mica para que su sector funcione. \u201cLos turistas hacen pagos en las agencias mayoristas del exterior a cuentas en d\u00f3lares (que llegan al sistema financiero boliviano). Se est\u00e1 tratando sacar d\u00f3lares poco a poco, pero es complicado porque cuando sacamos en bolivianos lo hacemos con un tipo de cambio menor (al real) que nos afecta\u201d, declar\u00f3.<\/p>\n<p style=\"text-align: justify;\">La representante del sector de turismo dijo que esto les afecta puesto que deben hacer pagos a los prestadores de servicios, operadores de turismo y toda la cadena de valor. \u201cLos operadores de trismo son los que atraen, reciben al turista y mueven toda la cadena como restaurantes, gu\u00edas y otros que se deben pagar\u201d, afirm\u00f3.<\/p>\n<p style=\"text-align: justify;\">Benavides dijo que se est\u00e1 tratando de conciliar con los bancos, a trav\u00e9s de la Autoridad de Supervisi\u00f3n del Sistema Financiero (Asfi), el acceso a la compra de d\u00f3lares.<\/p>\n<p style=\"text-align: justify;\">Hasta la semana anterior, seg\u00fan el Banco Central de Bolivia (BCB), la venta de bonos en d\u00f3lares alcanz\u00f3 a 56,3 millones o captaci\u00f3n de la moneda estadounidense de la poblaci\u00f3n, y espera llegar a los 100 millones hasta agosto.<\/p>\n","protected":false},"excerpt":{"rendered":"<p>La falta de d\u00f3lares en la econom\u00eda del pa\u00eds deriv\u00f3 en el incremento de precios de equipos de la l\u00ednea blanca (cocinas, refrigeradores) y negra (computadoras y equpos electr\u00f3nicos); los gremiales advierten que sus ventas bajaron porque las familias destinan sus recursos a la canasta familiar; y las empresas de turismo advierten dificultades para seguir [&hellip;]<\/p>\n","protected":false},"author":4,"featured_media":65827,"comment_status":"open","ping_status":"closed","sticky":false,"template":"","format":"standard","meta":{"footnotes":""},"categories":[25],"tags":[],"class_list":{"0":"post-65826","1":"post","2":"type-post","3":"status-publish","4":"format-standard","5":"has-post-thumbnail","7":"category-economia"},"_links":{"self":[{"href":"https:\/\/jms.com.bo\/mediamonitor\/wp-json\/wp\/v2\/posts\/65826","targetHints":{"allow":["GET"]}}],"collection":[{"href":"https:\/\/jms.com.bo\/mediamonitor\/wp-json\/wp\/v2\/posts"}],"about":[{"href":"https:\/\/jms.com.bo\/mediamonitor\/wp-json\/wp\/v2\/types\/post"}],"author":[{"embeddable":true,"href":"https:\/\/jms.com.bo\/mediamonitor\/wp-json\/wp\/v2\/users\/4"}],"replies":[{"embeddable":true,"href":"https:\/\/jms.com.bo\/mediamonitor\/wp-json\/wp\/v2\/comments?post=65826"}],"version-history":[{"count":0,"href":"https:\/\/jms.com.bo\/mediamonitor\/wp-json\/wp\/v2\/posts\/65826\/revisions"}],"wp:featuredmedia":[{"embeddable":true,"href":"https:\/\/jms.com.bo\/mediamonitor\/wp-json\/wp\/v2\/media\/65827"}],"wp:attachment":[{"href":"https:\/\/jms.com.bo\/mediamonitor\/wp-json\/wp\/v2\/media?parent=65826"}],"wp:term":[{"taxonomy":"category","embeddable":true,"href":"https:\/\/jms.com.bo\/mediamonitor\/wp-json\/wp\/v2\/categories?post=65826"},{"taxonomy":"post_tag","embeddable":true,"href":"https:\/\/jms.com.bo\/mediamonitor\/wp-json\/wp\/v2\/tags?post=65826"}],"curies":[{"name":"wp","href":"https:\/\/api.w.org\/{rel}","templated":true}]}}