{"id":65956,"date":"2024-05-13T07:18:54","date_gmt":"2024-05-13T11:18:54","guid":{"rendered":"https:\/\/jms.com.bo\/mediamonitor\/2024\/05\/13\/privados-tienen-hasta-el-30-de-junio-para-acreditar-cumplimiento-del-incremento-salarial\/"},"modified":"2024-05-13T07:18:54","modified_gmt":"2024-05-13T11:18:54","slug":"privados-tienen-hasta-el-30-de-junio-para-acreditar-cumplimiento-del-incremento-salarial","status":"publish","type":"post","link":"https:\/\/jms.com.bo\/mediamonitor\/2024\/05\/13\/privados-tienen-hasta-el-30-de-junio-para-acreditar-cumplimiento-del-incremento-salarial\/","title":{"rendered":"Privados tienen hasta el 30 de junio para acreditar cumplimiento del incremento salarial"},"content":{"rendered":"<p style=\"text-align: justify;\">De acuerdo con el director general de Trabajo, Yecid Mollinedo, la acreditaci\u00f3n del incremento salarial del 3% y de un 5,85% al salario m\u00ednimo nacional realizado en el sector privado deber\u00e1 ser presentando hasta el 30 de junio de la presente gesti\u00f3n.\u200b<\/p>\n<p style=\"text-align: justify;\">Mollinedo precis\u00f3 que, hasta el 30 de junio, el empresariado deber\u00e1 presentar tres documentos. La declaraci\u00f3n jurada con la cantidad de trabajadores beneficiados, la planilla con la cantidad de trabajadores y el convenio suscrito con sus empleados donde se registra el incremento que no puede ser menor al 3%.<\/p>\n<p style=\"text-align: justify;\">\u201cSe debe precisar que ninguna persona deba ganar por debajo del salario m\u00ednimo nacional. De Bs 2.362 se pas\u00f3 a Bs 2.500, por una tarea laboral de ocho horas y cinco d\u00edas a la semana\u201d, se\u00f1al\u00f3 Mollinedo.<\/p>\n<p style=\"text-align: justify;\">Ante la consulta de que si es posible pagar este beneficio con otro tipo de productos, Mollinedo puntualiz\u00f3 que la norma no autoriza el pago en especies, \u201cpero se puede hacer alguna excepci\u00f3n, pero de forma general eso esta prohibido\u201d.<\/p>\n<p style=\"text-align: justify;\">En cuanto a las denuncias si es que no se cumple con lo determinado por la ley, Mollinedo sostuvo que cualquier trabajador que considere que no se respet\u00f3 su derecho podr\u00e1 hacer la respectiva denuncia, pero aclar\u00f3 que la misma no podr\u00e1 ser an\u00f3nima, pues para llevar a delante la denuncia se necesita conocer los datos del denunciante.<\/p>\n","protected":false},"excerpt":{"rendered":"<p>De acuerdo con el director general de Trabajo, Yecid Mollinedo, la acreditaci\u00f3n del incremento salarial del 3% y de un 5,85% al salario m\u00ednimo nacional realizado en el sector privado deber\u00e1 ser presentando hasta el 30 de junio de la presente gesti\u00f3n.\u200b Mollinedo precis\u00f3 que, hasta el 30 de junio, el empresariado deber\u00e1 presentar tres [&hellip;]<\/p>\n","protected":false},"author":4,"featured_media":65957,"comment_status":"open","ping_status":"closed","sticky":false,"template":"","format":"standard","meta":{"footnotes":""},"categories":[25],"tags":[],"class_list":{"0":"post-65956","1":"post","2":"type-post","3":"status-publish","4":"format-standard","5":"has-post-thumbnail","7":"category-economia"},"_links":{"self":[{"href":"https:\/\/jms.com.bo\/mediamonitor\/wp-json\/wp\/v2\/posts\/65956","targetHints":{"allow":["GET"]}}],"collection":[{"href":"https:\/\/jms.com.bo\/mediamonitor\/wp-json\/wp\/v2\/posts"}],"about":[{"href":"https:\/\/jms.com.bo\/mediamonitor\/wp-json\/wp\/v2\/types\/post"}],"author":[{"embeddable":true,"href":"https:\/\/jms.com.bo\/mediamonitor\/wp-json\/wp\/v2\/users\/4"}],"replies":[{"embeddable":true,"href":"https:\/\/jms.com.bo\/mediamonitor\/wp-json\/wp\/v2\/comments?post=65956"}],"version-history":[{"count":0,"href":"https:\/\/jms.com.bo\/mediamonitor\/wp-json\/wp\/v2\/posts\/65956\/revisions"}],"wp:featuredmedia":[{"embeddable":true,"href":"https:\/\/jms.com.bo\/mediamonitor\/wp-json\/wp\/v2\/media\/65957"}],"wp:attachment":[{"href":"https:\/\/jms.com.bo\/mediamonitor\/wp-json\/wp\/v2\/media?parent=65956"}],"wp:term":[{"taxonomy":"category","embeddable":true,"href":"https:\/\/jms.com.bo\/mediamonitor\/wp-json\/wp\/v2\/categories?post=65956"},{"taxonomy":"post_tag","embeddable":true,"href":"https:\/\/jms.com.bo\/mediamonitor\/wp-json\/wp\/v2\/tags?post=65956"}],"curies":[{"name":"wp","href":"https:\/\/api.w.org\/{rel}","templated":true}]}}