{"id":65960,"date":"2024-05-13T07:23:21","date_gmt":"2024-05-13T11:23:21","guid":{"rendered":"https:\/\/jms.com.bo\/mediamonitor\/2024\/05\/13\/energia-rural-asiste-a-comunidades-rurales\/"},"modified":"2024-05-13T07:23:21","modified_gmt":"2024-05-13T11:23:21","slug":"energia-rural-asiste-a-comunidades-rurales","status":"publish","type":"post","link":"https:\/\/jms.com.bo\/mediamonitor\/2024\/05\/13\/energia-rural-asiste-a-comunidades-rurales\/","title":{"rendered":"\u201cEnerg\u00eda Rural\u201d asiste a comunidades rurales"},"content":{"rendered":"<p style=\"text-align: justify;\">Desde finales de 2022 en Bolivia se ejecuta el proyecto denominado \u201cEnerg\u00eda Rural\u201d, que beneficia con diferentes tecnolog\u00edas de energ\u00edas renovables a ocho peque\u00f1as asociaciones de diferentes rubros productivos en los departamentos de La Paz y Potos\u00ed.<\/p>\n<p style=\"text-align: justify;\">Los resultados han sido inmediatos a la implementaci\u00f3n, ya que los productores pueden reinvertir sus ahorros y ganancias en sus necesidades de crecimiento. Este es el caso de la Asociaci\u00f3n de Productores Lecheros Cruz (Aplecruz), del municipio de Pucarani, y de la Asociaci\u00f3n de Productores Lecheros de Chonchocoro (Aplech) de Viacha, en el departamento de La Paz.<\/p>\n<p style=\"text-align: justify;\">\u201cDesde la instalaci\u00f3n de los paneles solares el pago por servicio de energ\u00eda el\u00e9ctrica se ha reducido de 400 a 80 bolivianos por mes, es un gran ahorro para nuestra asociaci\u00f3n\u201d, coment\u00f3 Egberto Cruz, presidente de Aplecruz, en cuya planta se instal\u00f3 un sistema de enfriamiento alimentado por energ\u00eda solar fotovoltaica.<\/p>\n<p style=\"text-align: justify;\">Adem\u00e1s, Marco Farias, administrador del Instituto Interamericano de Cooperaci\u00f3n para la Agricultura (IICA) en Bolivia, enfatiz\u00f3 en la importancia del proyecto \u201cporque la implementaci\u00f3n de estas tecnolog\u00edas son tambi\u00e9n una vitrina demostrativa para que otras asociaciones conozcan las ventajas y se animen a realizar inversiones, para su propio beneficio y del medio ambiente por tratarse de tecnolog\u00edas limpias\u201d.<\/p>\n<p style=\"text-align: justify;\">En el caso de la Aplech, han dejado de registrar rechazos en la entrega de la leche a la empresa recolectora por falta de inocuidad en la materia prima \u201ca veces por la acidez y no lavar bien, hab\u00eda retorno de leche y con este calef\u00f3n no tenemos ni un solo retorno desde su instalaci\u00f3n, es una gran ventaja\u201d, afirm\u00f3 Reinato Ticona, presidente de la asociaci\u00f3n lechera beneficiada con un calef\u00f3n solar con acumulador.<\/p>\n<p style=\"text-align: justify;\">Este proyecto es ejecutado por el Instituto Interamericano de Cooperaci\u00f3n para la Agricultura (IICA) y financiado por la Agencia Espa\u00f1ola de Cooperaci\u00f3n Internacional para el Desarrollo (Aecid) con recursos del programa Arauclima en Bolivia, Colombia, Costa Rica y Guatemala.<\/p>\n<p style=\"text-align: justify;\">\u201cBuscamos transferir proyectos de energ\u00eda renovables y eficiencia energ\u00e9tica a comunidades rurales con la esperanza de que se convierta en una semilla que podamos plantar en otras organizaciones\u201d, concluy\u00f3 Kenneth Lozano, coordinador regional del Proyecto.<\/p>\n<p style=\"text-align: justify;\">Adem\u00e1s, con este proyecto se benefician la Asociaci\u00f3n Integral de productores de cam\u00e9lidos de la comunidad Putjani de Potos\u00ed con un sistema de bombeo solar con almacenamiento de agua; la Asociaci\u00f3n Productiva Agropecuaria Horti-frut\u00edcola Ckeojo de la comunidad Pirhuani, con un sistema solar fotovoltaico y molino; la Asociaci\u00f3n Productiva Agropecuaria Fruti-hort\u00edcola La Flor de la comunidad Charina Palca, con un sistema solar fotovoltaico y molino (las dos \u00faltimas, tambi\u00e9n de Potos\u00ed); la Asociaci\u00f3n Integral Agroecol\u00f3gicos Sacha Inchi \u201cOro Verde\u201d, con un secador solar convectivo de granos; la Cooperativa Agropecuaria Nueva Esperanza Sapecho R.L., con un secador solar convectivo de granos (las dos \u00faltimas, de La Paz) y a la Asociaci\u00f3n de Piscicultores Buena Vista con un sistema de aireadores el\u00e9ctricos impulsados por energ\u00eda solar fotovoltaica.<\/p>\n<p style=\"text-align: justify;\">\n","protected":false},"excerpt":{"rendered":"<p>Desde finales de 2022 en Bolivia se ejecuta el proyecto denominado \u201cEnerg\u00eda Rural\u201d, que beneficia con diferentes tecnolog\u00edas de energ\u00edas renovables a ocho peque\u00f1as asociaciones de diferentes rubros productivos en los departamentos de La Paz y Potos\u00ed. Los resultados han sido inmediatos a la implementaci\u00f3n, ya que los productores pueden reinvertir sus ahorros y ganancias [&hellip;]<\/p>\n","protected":false},"author":4,"featured_media":65961,"comment_status":"open","ping_status":"closed","sticky":false,"template":"","format":"standard","meta":{"footnotes":""},"categories":[39],"tags":[],"class_list":{"0":"post-65960","1":"post","2":"type-post","3":"status-publish","4":"format-standard","5":"has-post-thumbnail","7":"category-energia"},"_links":{"self":[{"href":"https:\/\/jms.com.bo\/mediamonitor\/wp-json\/wp\/v2\/posts\/65960","targetHints":{"allow":["GET"]}}],"collection":[{"href":"https:\/\/jms.com.bo\/mediamonitor\/wp-json\/wp\/v2\/posts"}],"about":[{"href":"https:\/\/jms.com.bo\/mediamonitor\/wp-json\/wp\/v2\/types\/post"}],"author":[{"embeddable":true,"href":"https:\/\/jms.com.bo\/mediamonitor\/wp-json\/wp\/v2\/users\/4"}],"replies":[{"embeddable":true,"href":"https:\/\/jms.com.bo\/mediamonitor\/wp-json\/wp\/v2\/comments?post=65960"}],"version-history":[{"count":0,"href":"https:\/\/jms.com.bo\/mediamonitor\/wp-json\/wp\/v2\/posts\/65960\/revisions"}],"wp:featuredmedia":[{"embeddable":true,"href":"https:\/\/jms.com.bo\/mediamonitor\/wp-json\/wp\/v2\/media\/65961"}],"wp:attachment":[{"href":"https:\/\/jms.com.bo\/mediamonitor\/wp-json\/wp\/v2\/media?parent=65960"}],"wp:term":[{"taxonomy":"category","embeddable":true,"href":"https:\/\/jms.com.bo\/mediamonitor\/wp-json\/wp\/v2\/categories?post=65960"},{"taxonomy":"post_tag","embeddable":true,"href":"https:\/\/jms.com.bo\/mediamonitor\/wp-json\/wp\/v2\/tags?post=65960"}],"curies":[{"name":"wp","href":"https:\/\/api.w.org\/{rel}","templated":true}]}}