{"id":65972,"date":"2024-05-14T06:42:56","date_gmt":"2024-05-14T10:42:56","guid":{"rendered":"https:\/\/jms.com.bo\/mediamonitor\/2024\/05\/14\/en-11-dias-de-campana-se-aplicaron-127-916-vacunas-contra-la-influenza\/"},"modified":"2024-05-14T06:42:56","modified_gmt":"2024-05-14T10:42:56","slug":"en-11-dias-de-campana-se-aplicaron-127-916-vacunas-contra-la-influenza","status":"publish","type":"post","link":"https:\/\/jms.com.bo\/mediamonitor\/2024\/05\/14\/en-11-dias-de-campana-se-aplicaron-127-916-vacunas-contra-la-influenza\/","title":{"rendered":"En 11 d\u00edas de campa\u00f1a, se aplicaron 127.916 vacunas contra la influenza"},"content":{"rendered":"<p style=\"text-align: justify;\">Pasaron 11 d\u00edas desde el inicio de la campa\u00f1a y, hasta ahora, 127.916 dosis contra la influenza se aplicaron en el pa\u00eds, mientras los casos siguen sumando en diferentes regiones. El Ministerio de Salud descart\u00f3, por ahora, habilitar m\u00e1s grupos poblacionales que puedan beneficiarse con la inmunizaci\u00f3n.<\/p>\n<p style=\"text-align: justify;\">\u201cHoy lunes 13 de mayo, en la plataforma Registro Nominal de Vacunaci\u00f3n Electr\u00f3nica, tenemos 127.916 dosis que se han administrado; de las cuales 20.304 son pedi\u00e1tricas y 107.612 son adultos\u201d, inform\u00f3 la ministra de Salud, Mar\u00eda Ren\u00e9e Castro.<\/p>\n<p style=\"text-align: justify;\">Hace tres semanas, lleg\u00f3 al pa\u00eds el primer lote de 1,8 millones de dosis contra la influenza, luego de gestiones para acelerar el arribo. Tras cumplirse el proceso de entrega a los departamentos, Salud anunci\u00f3 el 2 de mayo el inicio oficial de la primera fase de la campa\u00f1a con estas vacunas.<\/p>\n<p style=\"text-align: justify;\">INFLUENZA<\/p>\n<p style=\"text-align: justify;\">Los beneficiados en esta etapa son beb\u00e9s de seis a 23 meses de edad, adultos mayores, personas con enfermedades de base, personal de salud y embarazadas. De momento, no hay planes de ampliar la poblaci\u00f3n contemplada, pero s\u00ed se espera un nuevo lote en pr\u00f3ximas semanas, con el cual se puede dar paso a m\u00e1s grupos habilitados.<\/p>\n<p style=\"text-align: justify;\">\u201cNosotros estamos esperando. Hemos recibido la anticipaci\u00f3n del lote de vacunas; en esta semana y la siguiente estar\u00eda llegando la restante cantidad de dosis que ten\u00eda que arribar al pa\u00eds y en el marco de eso nosotros vamos a abrir de acuerdo a lo programado\u201d, se\u00f1al\u00f3 Castro.<\/p>\n<p style=\"text-align: justify;\">El Ministerio de Salud detall\u00f3 que del 1 de junio al 31 de julio se prev\u00e9 que inicie la segunda fase de la campa\u00f1a. As\u00ed, la vacunaci\u00f3n se ampliar\u00eda a ni\u00f1os de entre dos y 12 a\u00f1os, y otros grupos de riesgo.<\/p>\n<p style=\"text-align: justify;\">\u201cNo actuamos si no es con datos, as\u00ed que la programaci\u00f3n est\u00e1 justamente considerando este factor, la estacionalidad, las variantes que van circulando, los grupos etarios y el tema de estar o no en una endemia o epidemia\u201d, dijo.<\/p>\n<p style=\"text-align: justify;\">En tanto, los casos suman. La influenza se presenta en diferentes puntos del pa\u00eds, pero es en Santa Cruz donde se hizo sentir con mayor fuerza, lo cual fue uno de los factores para acelerar el arribo de dosis. Ahora, las autoridades sanitarias piden a la poblaci\u00f3n acudir y aprovechar las vacunas que est\u00e1n en centros de salud, puntos especiales y otros establecimientos determinados en cada regi\u00f3n.<\/p>\n<p style=\"text-align: justify;\">\u201cLa mayor\u00eda est\u00e1n dentro del grupo de influenza tipo AH3N2; influenza H1N1 tenemos 11 casos; virus sincitial respiratorio, 95; influenza tipo B, cinco casos y parainfluenza, 17 casos\u201d.<\/p>\n","protected":false},"excerpt":{"rendered":"<p>Pasaron 11 d\u00edas desde el inicio de la campa\u00f1a y, hasta ahora, 127.916 dosis contra la influenza se aplicaron en el pa\u00eds, mientras los casos siguen sumando en diferentes regiones. El Ministerio de Salud descart\u00f3, por ahora, habilitar m\u00e1s grupos poblacionales que puedan beneficiarse con la inmunizaci\u00f3n. \u201cHoy lunes 13 de mayo, en la plataforma [&hellip;]<\/p>\n","protected":false},"author":4,"featured_media":65973,"comment_status":"open","ping_status":"closed","sticky":false,"template":"","format":"standard","meta":{"footnotes":""},"categories":[53],"tags":[],"class_list":{"0":"post-65972","1":"post","2":"type-post","3":"status-publish","4":"format-standard","5":"has-post-thumbnail","7":"category-salud"},"_links":{"self":[{"href":"https:\/\/jms.com.bo\/mediamonitor\/wp-json\/wp\/v2\/posts\/65972","targetHints":{"allow":["GET"]}}],"collection":[{"href":"https:\/\/jms.com.bo\/mediamonitor\/wp-json\/wp\/v2\/posts"}],"about":[{"href":"https:\/\/jms.com.bo\/mediamonitor\/wp-json\/wp\/v2\/types\/post"}],"author":[{"embeddable":true,"href":"https:\/\/jms.com.bo\/mediamonitor\/wp-json\/wp\/v2\/users\/4"}],"replies":[{"embeddable":true,"href":"https:\/\/jms.com.bo\/mediamonitor\/wp-json\/wp\/v2\/comments?post=65972"}],"version-history":[{"count":0,"href":"https:\/\/jms.com.bo\/mediamonitor\/wp-json\/wp\/v2\/posts\/65972\/revisions"}],"wp:featuredmedia":[{"embeddable":true,"href":"https:\/\/jms.com.bo\/mediamonitor\/wp-json\/wp\/v2\/media\/65973"}],"wp:attachment":[{"href":"https:\/\/jms.com.bo\/mediamonitor\/wp-json\/wp\/v2\/media?parent=65972"}],"wp:term":[{"taxonomy":"category","embeddable":true,"href":"https:\/\/jms.com.bo\/mediamonitor\/wp-json\/wp\/v2\/categories?post=65972"},{"taxonomy":"post_tag","embeddable":true,"href":"https:\/\/jms.com.bo\/mediamonitor\/wp-json\/wp\/v2\/tags?post=65972"}],"curies":[{"name":"wp","href":"https:\/\/api.w.org\/{rel}","templated":true}]}}