{"id":65982,"date":"2024-05-14T06:54:08","date_gmt":"2024-05-14T10:54:08","guid":{"rendered":"https:\/\/jms.com.bo\/mediamonitor\/2024\/05\/14\/promulgan-ley-de-emergencia-sanitaria-por-casos-de-dengue\/"},"modified":"2024-05-14T06:54:08","modified_gmt":"2024-05-14T10:54:08","slug":"promulgan-ley-de-emergencia-sanitaria-por-casos-de-dengue","status":"publish","type":"post","link":"https:\/\/jms.com.bo\/mediamonitor\/2024\/05\/14\/promulgan-ley-de-emergencia-sanitaria-por-casos-de-dengue\/","title":{"rendered":"Promulgan ley de emergencia sanitaria por casos de dengue"},"content":{"rendered":"<p style=\"text-align: justify;\">Los casos de dengue en Cochabamba contin\u00faan en ascenso, por ese motivo, autoridades del Gobierno Aut\u00f3nomo Municipal de Cochabamba (GAMC) promulgaron una ley de emergencia sanitaria para combatir al mosquito Aedes aegypti.<br \/>\nLa directora de los centros de salud de primer nivel, Andrea Valdivia, asegur\u00f3 que el municipio lleva adelante un cronograma de limpieza de acuerdo a los focos de emergencia en cada distrito. Sin embargo, exhort\u00f3 a la poblaci\u00f3n en general a realizar la limpieza de sus viviendas como primera fase de mitigaci\u00f3n del brote.<br \/>\n\u201cLa poblaci\u00f3n debe desechar cualquier tipo de elementos que concentren agua fresca para evitar la propagaci\u00f3n de los mosquitos (\u2026) posterior a la limpieza en Ch\u00e1vez Rancho y la Chimba, ahora no tenemos casos positivos. La fumigaci\u00f3n se realizar\u00e1 en caso de tener casos positivos para hacer un bloqueo de foco\u201d, indic\u00f3 Valdivia.<br \/>\nA su vez, el director de hospitales de segundo nivel, Jos\u00e9 Antonio Araujo, inform\u00f3 que los tres nosocomios de segundo nivel del municipio tienen una capacidad de atenci\u00f3n de aproximadamente 230 camas de internaci\u00f3n. Sin embargo, hace falta recursos humanos para atender a los pacientes que llegan a los mismos.<br \/>\n\u201cLa epidemia del dengue y las infecciones respiratorias han incrementado y por ello, tenemos mayor demanda en los servicios de emergencia (\u2026), para ampliar la capacidad de internaci\u00f3n requerimos la asignaci\u00f3n de personal, ya que el equipamiento lo tenemos\u201d, expres\u00f3. (Cochabamba, agencias)<\/p>\n","protected":false},"excerpt":{"rendered":"<p>Los casos de dengue en Cochabamba contin\u00faan en ascenso, por ese motivo, autoridades del Gobierno Aut\u00f3nomo Municipal de Cochabamba (GAMC) promulgaron una ley de emergencia sanitaria para combatir al mosquito Aedes aegypti. La directora de los centros de salud de primer nivel, Andrea Valdivia, asegur\u00f3 que el municipio lleva adelante un cronograma de limpieza de [&hellip;]<\/p>\n","protected":false},"author":4,"featured_media":65514,"comment_status":"open","ping_status":"closed","sticky":false,"template":"","format":"standard","meta":{"footnotes":""},"categories":[20],"tags":[],"class_list":{"0":"post-65982","1":"post","2":"type-post","3":"status-publish","4":"format-standard","5":"has-post-thumbnail","7":"category-actualidad"},"_links":{"self":[{"href":"https:\/\/jms.com.bo\/mediamonitor\/wp-json\/wp\/v2\/posts\/65982","targetHints":{"allow":["GET"]}}],"collection":[{"href":"https:\/\/jms.com.bo\/mediamonitor\/wp-json\/wp\/v2\/posts"}],"about":[{"href":"https:\/\/jms.com.bo\/mediamonitor\/wp-json\/wp\/v2\/types\/post"}],"author":[{"embeddable":true,"href":"https:\/\/jms.com.bo\/mediamonitor\/wp-json\/wp\/v2\/users\/4"}],"replies":[{"embeddable":true,"href":"https:\/\/jms.com.bo\/mediamonitor\/wp-json\/wp\/v2\/comments?post=65982"}],"version-history":[{"count":0,"href":"https:\/\/jms.com.bo\/mediamonitor\/wp-json\/wp\/v2\/posts\/65982\/revisions"}],"wp:featuredmedia":[{"embeddable":true,"href":"https:\/\/jms.com.bo\/mediamonitor\/wp-json\/wp\/v2\/media\/65514"}],"wp:attachment":[{"href":"https:\/\/jms.com.bo\/mediamonitor\/wp-json\/wp\/v2\/media?parent=65982"}],"wp:term":[{"taxonomy":"category","embeddable":true,"href":"https:\/\/jms.com.bo\/mediamonitor\/wp-json\/wp\/v2\/categories?post=65982"},{"taxonomy":"post_tag","embeddable":true,"href":"https:\/\/jms.com.bo\/mediamonitor\/wp-json\/wp\/v2\/tags?post=65982"}],"curies":[{"name":"wp","href":"https:\/\/api.w.org\/{rel}","templated":true}]}}