{"id":66283,"date":"2024-05-23T04:52:21","date_gmt":"2024-05-23T08:52:21","guid":{"rendered":"https:\/\/jms.com.bo\/mediamonitor\/2024\/05\/23\/bartolinas-advierten-afanes-divisionistas\/"},"modified":"2024-05-23T04:52:21","modified_gmt":"2024-05-23T08:52:21","slug":"bartolinas-advierten-afanes-divisionistas","status":"publish","type":"post","link":"https:\/\/jms.com.bo\/mediamonitor\/2024\/05\/23\/bartolinas-advierten-afanes-divisionistas\/","title":{"rendered":"Bartolinas advierten afanes divisionistas"},"content":{"rendered":"<p style=\"text-align: justify;\">Las federaciones de Mujeres Campesinas \u00abBartolina Sisa\u00bb de La Paz y Oruro expresaron su pleno respaldo a la secretaria ejecutiva de la Confederaci\u00f3n de Mujeres Campesina Ind\u00edgenas Originarias Bartolina Sisa de Bolivia, Guillermina Kuno, ante la intenci\u00f3n de afines a Evo Morales de impulsar una organizaci\u00f3n paralela a la cabeza de la asamble\u00edsta de Cochabamba, Juanita Ancieta.<\/p>\n<p style=\"text-align: justify;\">La ejecutiva de la Federaci\u00f3n de Mujeres Campesinas \u00abBartolina Sisa\u00bb de La Paz, Olga Rojas, defendi\u00f3 a Kuno y reproch\u00f3 los afanes divisionistas de algunas afiliadas.<\/p>\n<p style=\"text-align: justify;\">\u201c\u00c9sta es la organizaci\u00f3n leg\u00edtimamente organizada y constituida en un magno congreso, no se dejen enga\u00f1ar por las otras hermanas\u00bb, inst\u00f3 en conferencia de prensa, rodeada por decenas de sus afiliadas.<\/p>\n<p style=\"text-align: justify;\">La secretaria de Actas de la Federaci\u00f3n de La Paz, Luisa Mamani, reproch\u00f3 las versiones que pretenden generar paralelismos, y reiter\u00f3 que Kuno fue electa en un mago congreso nacional desarrollado en Tarija en 2023.<\/p>\n<p style=\"text-align: justify;\">\u201cExigimos respeto a nuestra hermana y pedimos a las hermanas que est\u00e1n caminando en paralelismo reflexionar en unidad, no podemos pisotear a nuestra hermana Guillermina Kuno\u201d, consider\u00f3.<\/p>\n<p style=\"text-align: justify;\">La ejecutiva de la Federaci\u00f3n de Mujeres Campesinas \u00abBartolina Sisa\u00bb de Oruro, Celia Apata, tambi\u00e9n respald\u00f3 a Kuno y advirti\u00f3 que no permitir\u00e1n que Juanita Ancieta, exejecutiva nacional y seguidora de Morales, genere divisi\u00f3n al interior de la vonfederaci\u00f3n.<\/p>\n<p style=\"text-align: justify;\">Kuno agradeci\u00f3 el respaldo de las federaciones. \u201cEstamos unidas como mujeres\u201d, asegur\u00f3.<\/p>\n<p style=\"text-align: justify;\">\u201cNuestro compromiso es estar al lado de las bases, de nuestras compa\u00f1eras, no podr\u00e1n dividir nuestra organizaci\u00f3n\u201d, se\u00f1al\u00f3.<\/p>\n","protected":false},"excerpt":{"rendered":"<p>Las federaciones de Mujeres Campesinas \u00abBartolina Sisa\u00bb de La Paz y Oruro expresaron su pleno respaldo a la secretaria ejecutiva de la Confederaci\u00f3n de Mujeres Campesina Ind\u00edgenas Originarias Bartolina Sisa de Bolivia, Guillermina Kuno, ante la intenci\u00f3n de afines a Evo Morales de impulsar una organizaci\u00f3n paralela a la cabeza de la asamble\u00edsta de Cochabamba, [&hellip;]<\/p>\n","protected":false},"author":4,"featured_media":66284,"comment_status":"open","ping_status":"closed","sticky":false,"template":"","format":"standard","meta":{"footnotes":""},"categories":[18],"tags":[],"class_list":{"0":"post-66283","1":"post","2":"type-post","3":"status-publish","4":"format-standard","5":"has-post-thumbnail","7":"category-politica"},"_links":{"self":[{"href":"https:\/\/jms.com.bo\/mediamonitor\/wp-json\/wp\/v2\/posts\/66283","targetHints":{"allow":["GET"]}}],"collection":[{"href":"https:\/\/jms.com.bo\/mediamonitor\/wp-json\/wp\/v2\/posts"}],"about":[{"href":"https:\/\/jms.com.bo\/mediamonitor\/wp-json\/wp\/v2\/types\/post"}],"author":[{"embeddable":true,"href":"https:\/\/jms.com.bo\/mediamonitor\/wp-json\/wp\/v2\/users\/4"}],"replies":[{"embeddable":true,"href":"https:\/\/jms.com.bo\/mediamonitor\/wp-json\/wp\/v2\/comments?post=66283"}],"version-history":[{"count":0,"href":"https:\/\/jms.com.bo\/mediamonitor\/wp-json\/wp\/v2\/posts\/66283\/revisions"}],"wp:featuredmedia":[{"embeddable":true,"href":"https:\/\/jms.com.bo\/mediamonitor\/wp-json\/wp\/v2\/media\/66284"}],"wp:attachment":[{"href":"https:\/\/jms.com.bo\/mediamonitor\/wp-json\/wp\/v2\/media?parent=66283"}],"wp:term":[{"taxonomy":"category","embeddable":true,"href":"https:\/\/jms.com.bo\/mediamonitor\/wp-json\/wp\/v2\/categories?post=66283"},{"taxonomy":"post_tag","embeddable":true,"href":"https:\/\/jms.com.bo\/mediamonitor\/wp-json\/wp\/v2\/tags?post=66283"}],"curies":[{"name":"wp","href":"https:\/\/api.w.org\/{rel}","templated":true}]}}