{"id":66285,"date":"2024-05-23T04:53:30","date_gmt":"2024-05-23T08:53:30","guid":{"rendered":"https:\/\/jms.com.bo\/mediamonitor\/2024\/05\/23\/justicia-concede-accion-de-libertad-a-jueces-que-denunciaron-amedrentamiento\/"},"modified":"2024-05-23T04:53:30","modified_gmt":"2024-05-23T08:53:30","slug":"justicia-concede-accion-de-libertad-a-jueces-que-denunciaron-amedrentamiento","status":"publish","type":"post","link":"https:\/\/jms.com.bo\/mediamonitor\/2024\/05\/23\/justicia-concede-accion-de-libertad-a-jueces-que-denunciaron-amedrentamiento\/","title":{"rendered":"Justicia concede acci\u00f3n de libertad a jueces que denunciaron \u2018amedrentamiento\u2019"},"content":{"rendered":"<p style=\"text-align: justify;\">La Justicia concedi\u00f3 este mi\u00e9rcoles una acci\u00f3n de libertad para los jueces del Tribunal S\u00e9ptimo de Sentencia de Santa Cruz que denunciaron amedrentamiento policial durante una audiencia de cesaci\u00f3n a la detenci\u00f3n preventiva de Misael N\u00e1llar.<\/p>\n<p style=\"text-align: justify;\">\u201cHan concedido la acci\u00f3n de libertad en el entendido que se pueda investigar a la fiscal que evidentemente estaba su nombre en el mandamiento de aprehensi\u00f3n como a los polic\u00edas que vinieron hacer una persecuci\u00f3n indebida, se los va a procesar. (Eso) ha dispuesto la autoridad convertida en juez de garant\u00edas constitucionales\u201d, dijo el juez Freddy Coronel, del Tribunal S\u00e9ptimo de Sentencia, a la red DTV.<\/p>\n<p style=\"text-align: justify;\">Investigaci\u00f3n<\/p>\n<p style=\"text-align: justify;\">El juez Coronel indic\u00f3 que en este caso se remitir\u00e1n antecedentes al Ministerio P\u00fablico y ellos, anticorrupci\u00f3n, ser\u00e1n los que investigar\u00e1n este hecho, pero; tambi\u00e9n se enviar\u00e1n los antecedentes al R\u00e9gimen Disciplinario de la Polic\u00eda Boliviana de los uniformados involucrados.<\/p>\n<p style=\"text-align: justify;\">El mi\u00e9rcoles, durante la audiencia del caso N\u00e1llar, los jueces denunciaron la presencia de uniformados policiales y civiles armados que intentaron amedrentarlos, tomando fotograf\u00edas y preguntando sus nombres, sin justificaci\u00f3n alguna.<\/p>\n<p style=\"text-align: justify;\">De acuerdo con la autoridad, lo que ocurri\u00f3 en mi\u00e9rcoles en la audiencia del Tribunal S\u00e9ptimo de Sentencia fue una \u201cpersecuci\u00f3n ilegal\u201d. Se\u00f1al\u00f3 que en audiencia de acci\u00f3n de libertad la Polic\u00eda Boliviana neg\u00f3 este aspecto<\/p>\n<p style=\"text-align: justify;\">Dijo que la Polic\u00eda Boliviana se maneja por subordinaci\u00f3n; por lo que ning\u00fan polic\u00eda puede actuar a criterio personal y que \u201ctodos los polic\u00edas que vinieron a Palacio de Justicia y se supone; se sobre entiende que han sido dirigidos por su comandante, en este caso es el comandante departamental\u201d de la Polic\u00eda, Erick Holgu\u00edn.<\/p>\n<p style=\"text-align: justify;\">Jueces<\/p>\n<p style=\"text-align: justify;\">La Asociaci\u00f3n de Magistrados y Jueces de Santa Cruz denunci\u00f3 tambi\u00e9n el \u201camedrentamiento\u201d en el Tribunal S\u00e9ptimo de Sentencia por parte de la Polic\u00eda y expres\u00f3 su rechazo y \u201cprofunda preocupaci\u00f3n\u201d ante los acontecimientos ocurridos duranta la audiencia de Misael N\u00e1llar.<\/p>\n<p style=\"text-align: justify;\">\u201cExige el cese inmediato de cualquier tipo de amedrentamiento y la garant\u00eda de un entorno seguro y libre de presiones externas para los jueces en el ejercicio de sus funciones\u201d, se\u00f1ala el pronunciamiento.<\/p>\n<p style=\"text-align: justify;\">La juez Claret Llanos, del Tribunal S\u00e9ptimo de Sentencia de Santa Cruz, tambi\u00e9n pidi\u00f3 sanci\u00f3n contra quienes est\u00e1n buscando amedrentarlos; y que no acudan a las audiencias si no existe una solicitud de las autoridades.<\/p>\n<p style=\"text-align: justify;\">\u201cEso se tendr\u00eda que hacer y prohibir que est\u00e9n ejerciendo injerencia en el \u00d3rgano judicial\u201d, dijo la autoridad.<\/p>\n","protected":false},"excerpt":{"rendered":"<p>La Justicia concedi\u00f3 este mi\u00e9rcoles una acci\u00f3n de libertad para los jueces del Tribunal S\u00e9ptimo de Sentencia de Santa Cruz que denunciaron amedrentamiento policial durante una audiencia de cesaci\u00f3n a la detenci\u00f3n preventiva de Misael N\u00e1llar. \u201cHan concedido la acci\u00f3n de libertad en el entendido que se pueda investigar a la fiscal que evidentemente estaba [&hellip;]<\/p>\n","protected":false},"author":4,"featured_media":66286,"comment_status":"open","ping_status":"closed","sticky":false,"template":"","format":"standard","meta":{"footnotes":""},"categories":[18],"tags":[],"class_list":{"0":"post-66285","1":"post","2":"type-post","3":"status-publish","4":"format-standard","5":"has-post-thumbnail","7":"category-politica"},"_links":{"self":[{"href":"https:\/\/jms.com.bo\/mediamonitor\/wp-json\/wp\/v2\/posts\/66285","targetHints":{"allow":["GET"]}}],"collection":[{"href":"https:\/\/jms.com.bo\/mediamonitor\/wp-json\/wp\/v2\/posts"}],"about":[{"href":"https:\/\/jms.com.bo\/mediamonitor\/wp-json\/wp\/v2\/types\/post"}],"author":[{"embeddable":true,"href":"https:\/\/jms.com.bo\/mediamonitor\/wp-json\/wp\/v2\/users\/4"}],"replies":[{"embeddable":true,"href":"https:\/\/jms.com.bo\/mediamonitor\/wp-json\/wp\/v2\/comments?post=66285"}],"version-history":[{"count":0,"href":"https:\/\/jms.com.bo\/mediamonitor\/wp-json\/wp\/v2\/posts\/66285\/revisions"}],"wp:featuredmedia":[{"embeddable":true,"href":"https:\/\/jms.com.bo\/mediamonitor\/wp-json\/wp\/v2\/media\/66286"}],"wp:attachment":[{"href":"https:\/\/jms.com.bo\/mediamonitor\/wp-json\/wp\/v2\/media?parent=66285"}],"wp:term":[{"taxonomy":"category","embeddable":true,"href":"https:\/\/jms.com.bo\/mediamonitor\/wp-json\/wp\/v2\/categories?post=66285"},{"taxonomy":"post_tag","embeddable":true,"href":"https:\/\/jms.com.bo\/mediamonitor\/wp-json\/wp\/v2\/tags?post=66285"}],"curies":[{"name":"wp","href":"https:\/\/api.w.org\/{rel}","templated":true}]}}