{"id":66287,"date":"2024-05-23T04:54:44","date_gmt":"2024-05-23T08:54:44","guid":{"rendered":"https:\/\/jms.com.bo\/mediamonitor\/2024\/05\/23\/tse-habilita-a-ucs-y-jhonny-fernandez-asegura-que-seran-gobierno\/"},"modified":"2024-05-23T04:54:44","modified_gmt":"2024-05-23T08:54:44","slug":"tse-habilita-a-ucs-y-jhonny-fernandez-asegura-que-seran-gobierno","status":"publish","type":"post","link":"https:\/\/jms.com.bo\/mediamonitor\/2024\/05\/23\/tse-habilita-a-ucs-y-jhonny-fernandez-asegura-que-seran-gobierno\/","title":{"rendered":"TSE habilita a UCS y Jhonny Fern\u00e1ndez asegura que ser\u00e1n Gobierno"},"content":{"rendered":"<p style=\"text-align: justify;\">El Tribunal Supremo Electoral valid\u00f3 el proceso de renovaci\u00f3n de directiva nacional y secretar\u00edas departamentales de Unidad C\u00edvica Solidaridad (UCS) y, por tanto, podr\u00e1 participar de los procesos eleccionarios previstos para el 2025 y 2026.<\/p>\n<p style=\"text-align: justify;\">La agrupaci\u00f3n liderada por Jhonny Fern\u00e1ndez congreg\u00f3 a su militancia en el coliseo Don Bosco. Llegaron micros de diferentes partes de la ciudad. Tambi\u00e9n se vio a secretarios y directores municipales compartiendo. Y en la testera, los cargos electos de UCS en la Asamblea Legislativa Plurinacional y el Concejo Municipal acompa\u00f1aban a Jhonny.<\/p>\n<p style=\"text-align: justify;\">Fern\u00e1ndez se mostr\u00f3 exultante ante tantos partidarios. Con micr\u00f3fono en mano, agradeci\u00f3 a quienes hacen grande a UCS. Adem\u00e1s, mostr\u00f3 una lectura cuestionadora de la realidad.<\/p>\n<p style=\"text-align: justify;\">\u201cEstamos viendo la realidad del pa\u00eds. La gente se queja porque ya no tiene platita en el bolsillo. La situaci\u00f3n en el pa\u00eds no es nada agradable\u201d, explic\u00f3. Y apuntill\u00f3 su inicio de discurso al criticar que \u201cno hay expectativa pol\u00edtica\u201d.<\/p>\n<p style=\"text-align: justify;\">Tras este arranque, gir\u00f3 completamente su arenga para mostrarse m\u00e1s propositivo y esperanzador. \u201cUCS es la alternativa para Bolivia y para Santa Cruz\u201d, marc\u00f3.<\/p>\n<p style=\"text-align: justify;\">Reconoci\u00f3 que \u201chemos esperado el momento preciso y creo que el pa\u00eds busca una alternativa, que se transforme en el bienestar para la gente\u201d.<\/p>\n<p style=\"text-align: justify;\">Un breve silencio prepar\u00f3 el momento cumbre del acto. \u201cVamos a llegar a ser Gobierno nacional, acu\u00e9rdense\u201d, manifest\u00f3 un euf\u00f3rico Jhonny Fern\u00e1ndez. De inmediato los bombos resonaron y las banderas inundaron el coliseo en respaldo a las palabras de Fern\u00e1ndez.<\/p>\n<p style=\"text-align: justify;\">Una unidad posible<\/p>\n<p style=\"text-align: justify;\">Despu\u00e9s de ilusionar a sus seguidores, Jhonny tuvo palabras para sus rivales pol\u00edticos. \u201cVa a ser un pa\u00eds de oportunidades cuando UCS est\u00e9 en el Gobierno nacional\u201d, augur\u00f3 y matiz\u00f3 que \u201cno hay resentimiento con nadie\u201d, una particular manera de convocar a otras agrupaciones para la unidad.<\/p>\n<p style=\"text-align: justify;\">\u201cQuienes quieran venir a aliarse por el futuro de Bolivia, nos vamos a unir, porque lleg\u00f3 la hora de la unidad\u201d, explic\u00f3. De esta manera, deja las puertas abiertas de UCS para encabezar una posible unidad de cara a las elecciones presidenciales de 2025.<\/p>\n<p style=\"text-align: justify;\">En el acto, se posesion\u00f3 al secretario departamental de Santa Cruz, Miguel Fern\u00e1ndez. En una breve intervenci\u00f3n, el hijo del alcalde y actual concejal municipal, puso condiciones al frente \u00fanico.<\/p>\n<p style=\"text-align: justify;\">No se trata de elaborar una lista de nombres, sino de proponer algo para la poblaci\u00f3n. \u00abHay que construir una ideolog\u00eda\u00bb, plante\u00f3.<\/p>\n","protected":false},"excerpt":{"rendered":"<p>El Tribunal Supremo Electoral valid\u00f3 el proceso de renovaci\u00f3n de directiva nacional y secretar\u00edas departamentales de Unidad C\u00edvica Solidaridad (UCS) y, por tanto, podr\u00e1 participar de los procesos eleccionarios previstos para el 2025 y 2026. La agrupaci\u00f3n liderada por Jhonny Fern\u00e1ndez congreg\u00f3 a su militancia en el coliseo Don Bosco. Llegaron micros de diferentes partes [&hellip;]<\/p>\n","protected":false},"author":4,"featured_media":66288,"comment_status":"open","ping_status":"closed","sticky":false,"template":"","format":"standard","meta":{"footnotes":""},"categories":[18],"tags":[],"class_list":{"0":"post-66287","1":"post","2":"type-post","3":"status-publish","4":"format-standard","5":"has-post-thumbnail","7":"category-politica"},"_links":{"self":[{"href":"https:\/\/jms.com.bo\/mediamonitor\/wp-json\/wp\/v2\/posts\/66287","targetHints":{"allow":["GET"]}}],"collection":[{"href":"https:\/\/jms.com.bo\/mediamonitor\/wp-json\/wp\/v2\/posts"}],"about":[{"href":"https:\/\/jms.com.bo\/mediamonitor\/wp-json\/wp\/v2\/types\/post"}],"author":[{"embeddable":true,"href":"https:\/\/jms.com.bo\/mediamonitor\/wp-json\/wp\/v2\/users\/4"}],"replies":[{"embeddable":true,"href":"https:\/\/jms.com.bo\/mediamonitor\/wp-json\/wp\/v2\/comments?post=66287"}],"version-history":[{"count":0,"href":"https:\/\/jms.com.bo\/mediamonitor\/wp-json\/wp\/v2\/posts\/66287\/revisions"}],"wp:featuredmedia":[{"embeddable":true,"href":"https:\/\/jms.com.bo\/mediamonitor\/wp-json\/wp\/v2\/media\/66288"}],"wp:attachment":[{"href":"https:\/\/jms.com.bo\/mediamonitor\/wp-json\/wp\/v2\/media?parent=66287"}],"wp:term":[{"taxonomy":"category","embeddable":true,"href":"https:\/\/jms.com.bo\/mediamonitor\/wp-json\/wp\/v2\/categories?post=66287"},{"taxonomy":"post_tag","embeddable":true,"href":"https:\/\/jms.com.bo\/mediamonitor\/wp-json\/wp\/v2\/tags?post=66287"}],"curies":[{"name":"wp","href":"https:\/\/api.w.org\/{rel}","templated":true}]}}