{"id":66757,"date":"2024-06-14T07:35:53","date_gmt":"2024-06-14T11:35:53","guid":{"rendered":"https:\/\/jms.com.bo\/mediamonitor\/2024\/06\/14\/lider-del-transporte-pesado-se-declara-en-la-clandestinidad-montano-niega-que-ejerza-persecucion\/"},"modified":"2024-06-14T07:35:53","modified_gmt":"2024-06-14T11:35:53","slug":"lider-del-transporte-pesado-se-declara-en-la-clandestinidad-montano-niega-que-ejerza-persecucion","status":"publish","type":"post","link":"https:\/\/jms.com.bo\/mediamonitor\/2024\/06\/14\/lider-del-transporte-pesado-se-declara-en-la-clandestinidad-montano-niega-que-ejerza-persecucion\/","title":{"rendered":"L\u00edder del transporte pesado se declara en la clandestinidad; Monta\u00f1o niega que ejerza persecuci\u00f3n"},"content":{"rendered":"<p>El presidente de la C\u00e1mara Boliviana del Transporte Pesado, H\u00e9ctor Mercado, anunci\u00f3 este jueves que se declara en la clandestinidad porque se siente perseguido y amedrentado por parte del ministro de Obras, \u00c9dgar Monta\u00f1o.<\/p>\n<p>Monta\u00f1o, en respuesta, neg\u00f3 que sea capaz de cometer una persecuci\u00f3n, tomando en cuenta lo que \u00e9l mismo sufri\u00f3 en 2019, y envi\u00f3 bendiciones para Mercado y su familia.<\/p>\n<p>En esto conflicto, Mercado anunci\u00f3 un bloqueo indefinido desde el lunes, para que el presidente Luis Arce escuche las demandas de su sector, mientras que el ministro Monta\u00f1o denuncia que estas movilizaciones forman parte de un Golpe de Estado.<\/p>\n<p>El dirigente mencion\u00f3 que le llegan amenazas de que el ministro Monta\u00f1o lo har\u00eda detener por estar detr\u00e1s de un golpe de Estado.<\/p>\n<p>\u201cEl ministro Monta\u00f1o lo \u00fanico que hace es hacer perseguir a mi persona. Yo en este momento estoy declar\u00e1ndome en clandestinidad, porque el ministro Monta\u00f1o est\u00e1 haciendo que me persigan, esta amedrentando a toda mi familia\u201d, dijo Mercado en contacto con ERBOL.<\/p>\n<p>Mercado afirm\u00f3 que, si algo ocurre con su vida, la responsabilidad es del Ministro de Obras.<\/p>\n<p>A su turno, el ministro Monta\u00f1o neg\u00f3 que haya persecuci\u00f3n. Record\u00f3 que \u00e9l mismo ha sufrido incluso la quema de su casa en 2019, por defender la democracia, y mal podr\u00eda estar detr\u00e1s de Mercado.<\/p>\n<p>\u201cNo es necesario se\u00f1or Mercado que se declare en la clandestinidad\u201d, afirm\u00f3 la autoridad a Erbol.<\/p>\n<p>\u201cMal podr\u00eda yo siquiera mencionar alg\u00fan nombre de su esposa o de sus hijos. Y yo m\u00e1s bien detesto aquello y m\u00e1s bien bendigo en nombre de Dios, que a ustedes los proteja Dios y los ilumine\u201d, agreg\u00f3.<\/p>\n<p>Monta\u00f1o dijo que no guarda rencor por lo que ha sufrido en 2019, sino ha perdido y se ha entregado a Dios. Asimismo, ahora tampoco se enojar\u00e1, sino m\u00e1s bien se alegra de que exista libertad de expresi\u00f3n.<\/p>\n<p>Anunci\u00f3 que el viernes estar\u00e1 en Cochabamba y llamar\u00e1 a Mercado para buscar el di\u00e1logo, pero sin condiciones.<\/p>\n<p>El transporte pesado insiste en que s\u00f3lo dialogar\u00e1 con el presidente Luis Arce, porque considera que el Ministro no ha solucionado sus problemas, sin embargo, Monta\u00f1o recalc\u00f3 que primero la reuni\u00f3n debe ser con \u00e9l.<\/p>\n","protected":false},"excerpt":{"rendered":"<p>El presidente de la C\u00e1mara Boliviana del Transporte Pesado, H\u00e9ctor Mercado, anunci\u00f3 este jueves que se declara en la clandestinidad porque se siente perseguido y amedrentado por parte del ministro de Obras, \u00c9dgar Monta\u00f1o. Monta\u00f1o, en respuesta, neg\u00f3 que sea capaz de cometer una persecuci\u00f3n, tomando en cuenta lo que \u00e9l mismo sufri\u00f3 en 2019, [&hellip;]<\/p>\n","protected":false},"author":1,"featured_media":66758,"comment_status":"open","ping_status":"closed","sticky":false,"template":"","format":"standard","meta":{"footnotes":""},"categories":[50,49],"tags":[],"class_list":{"0":"post-66757","1":"post","2":"type-post","3":"status-publish","4":"format-standard","5":"has-post-thumbnail","7":"category-portada-social-shell","8":"category-social"},"_links":{"self":[{"href":"https:\/\/jms.com.bo\/mediamonitor\/wp-json\/wp\/v2\/posts\/66757","targetHints":{"allow":["GET"]}}],"collection":[{"href":"https:\/\/jms.com.bo\/mediamonitor\/wp-json\/wp\/v2\/posts"}],"about":[{"href":"https:\/\/jms.com.bo\/mediamonitor\/wp-json\/wp\/v2\/types\/post"}],"author":[{"embeddable":true,"href":"https:\/\/jms.com.bo\/mediamonitor\/wp-json\/wp\/v2\/users\/1"}],"replies":[{"embeddable":true,"href":"https:\/\/jms.com.bo\/mediamonitor\/wp-json\/wp\/v2\/comments?post=66757"}],"version-history":[{"count":0,"href":"https:\/\/jms.com.bo\/mediamonitor\/wp-json\/wp\/v2\/posts\/66757\/revisions"}],"wp:featuredmedia":[{"embeddable":true,"href":"https:\/\/jms.com.bo\/mediamonitor\/wp-json\/wp\/v2\/media\/66758"}],"wp:attachment":[{"href":"https:\/\/jms.com.bo\/mediamonitor\/wp-json\/wp\/v2\/media?parent=66757"}],"wp:term":[{"taxonomy":"category","embeddable":true,"href":"https:\/\/jms.com.bo\/mediamonitor\/wp-json\/wp\/v2\/categories?post=66757"},{"taxonomy":"post_tag","embeddable":true,"href":"https:\/\/jms.com.bo\/mediamonitor\/wp-json\/wp\/v2\/tags?post=66757"}],"curies":[{"name":"wp","href":"https:\/\/api.w.org\/{rel}","templated":true}]}}