{"id":66759,"date":"2024-06-14T07:37:01","date_gmt":"2024-06-14T11:37:01","guid":{"rendered":"https:\/\/jms.com.bo\/mediamonitor\/2024\/06\/14\/piden-a-vicepresidente-ocuparse-de-condiciones-de-vida-de-ciudadania\/"},"modified":"2024-06-14T07:37:01","modified_gmt":"2024-06-14T11:37:01","slug":"piden-a-vicepresidente-ocuparse-de-condiciones-de-vida-de-ciudadania","status":"publish","type":"post","link":"https:\/\/jms.com.bo\/mediamonitor\/2024\/06\/14\/piden-a-vicepresidente-ocuparse-de-condiciones-de-vida-de-ciudadania\/","title":{"rendered":"Piden a Vicepresidente ocuparse de condiciones de vida de ciudadan\u00eda"},"content":{"rendered":"<p>Los senadores y diputados de Creemos mediante una nota manifestaron al vicepresidente del Estado, David Choquehuanca, que el principal objetivo de la organizaci\u00f3n pol\u00edtica, liderada por el gobernador Luis Fernando Camacho, es la libertad y la democracia y no el \u201cgolpe\u201d por acudir a la sesi\u00f3n de la Asamblea Legislativa.<\/p>\n<p>La nota enviada a Choquehuanca se\u00f1ala: \u201cUsted indica que existiese un acuerdo entre nuestro l\u00edder Luis Fernando Camacho con Carlos Mesa y Evo Morales, nada m\u00e1s falso Vicepresidente, lo emplazamos a presentar pruebas de ello, nuestra ideolog\u00eda va por el camino de la libertad y la democracia, esas que ustedes como gobierno del Movimiento al Socialismo, hoy convirtieron en dictadura, no se olvide que usted tambi\u00e9n fue parte del gobierno de (Evo) Morales Ayma y hoy lo es tambi\u00e9n del gobierno de (Luis) Arce Catacora\u201d.<\/p>\n<p>Montero, en conferencia de prensa, manifest\u00f3 que \u201cparece que el d\u00e9cimo pachakuti le est\u00e1 fallando en sus neuronas y ha establecido de que Creemos, Comunidad Ciudadana y el ala evista (por asistir a la Asamblea Legislativa) estar\u00edamos orquestando un \u2018golpe de estado\u2019 al presidente (Luis) Arce, es as\u00ed que, en mi calidad de jefe de Bancada, de la C\u00e1mara de Senadores, lo emplazo al Vicepresidente para que pueda demostrar que la Bancada de Creemos, que representamos a nuestro l\u00edder Luis Fernando Camacho estemos organizando y parte de un \u2018golpe de estado\u2019 (por sesionar en la Asamblea). No ser\u00e1 se\u00f1or Vicepresidente que est\u00e1n preparando su huida y que a alguien le van a echar la culpa\u201d.<\/p>\n<p>Los opositores rechazaron las manifestaciones de Choquehuanca sobre una supuesta \u201ctroika\u201d, que hist\u00f3ricamente refiere a un equipo pol\u00edtico-dirigencial de la antigua Uni\u00f3n Sovi\u00e9tica integrado por el presidente de la rep\u00fablica, el jefe de gobierno y el secretario general del Partido Comunista.<\/p>\n<p>En la misiva agrega: \u201cexhortamos a que, de manera urgente, m\u00e1s bien, atiendan los problemas estructurales de los bolivianos, la gente quiere empleos dignos, sobre todo, esos que ustedes solo se los dan a sus militantes y no as\u00ed a quien lo merece, el pueblo quiere tener una mejor salud, educaci\u00f3n y desarrollo, que deber\u00edan (ser) sus prioridades, pero no, no lo son, est\u00e1n anteponiendo lo pol\u00edtico sobre lo econ\u00f3mico, hoy vemos que el c\u00f3ndor se encuentra con las alas rotas y no levanta vuelo\u201d.<\/p>\n<p>Los parlamentarios tambi\u00e9n retrucan a Choquehuanca sobre las extralimitaciones de los \u201cmagistrados\u201d auto prorrogados del Tribunal Constitucional y el \u00d3rgano Judicial que no solamente obstruyeron el proceso de las elecciones judiciales sino hasta \u201ccoartaron y limitaron\u201d las atribuciones del \u00d3rgano Legislativo, entre ellas la suspensi\u00f3n de las interpelaciones a los ministros.<\/p>\n<p>\u201cCreemos busca que se restablezca el Estado de Derecho y la institucionalidad en el pa\u00eds, que los ciudadanos mejoren sus condiciones de vida, con una mejor educaci\u00f3n, salud, econom\u00eda, empleo, desarrollo productivo y competitividad econ\u00f3mica, aspectos fundamentales que ustedes prometieron atender y que ahora olvidaron por anteponer sus intereses personales y de favorecimiento prebendal a ciertos sectores para mantenerse en el poder despu\u00e9s del 2025\u201d, subraya el documento. (Santa Cruz, agencias)<\/p>\n","protected":false},"excerpt":{"rendered":"<p>Los senadores y diputados de Creemos mediante una nota manifestaron al vicepresidente del Estado, David Choquehuanca, que el principal objetivo de la organizaci\u00f3n pol\u00edtica, liderada por el gobernador Luis Fernando Camacho, es la libertad y la democracia y no el \u201cgolpe\u201d por acudir a la sesi\u00f3n de la Asamblea Legislativa. La nota enviada a Choquehuanca [&hellip;]<\/p>\n","protected":false},"author":1,"featured_media":66760,"comment_status":"open","ping_status":"closed","sticky":false,"template":"","format":"standard","meta":{"footnotes":""},"categories":[18],"tags":[],"class_list":{"0":"post-66759","1":"post","2":"type-post","3":"status-publish","4":"format-standard","5":"has-post-thumbnail","7":"category-politica"},"_links":{"self":[{"href":"https:\/\/jms.com.bo\/mediamonitor\/wp-json\/wp\/v2\/posts\/66759","targetHints":{"allow":["GET"]}}],"collection":[{"href":"https:\/\/jms.com.bo\/mediamonitor\/wp-json\/wp\/v2\/posts"}],"about":[{"href":"https:\/\/jms.com.bo\/mediamonitor\/wp-json\/wp\/v2\/types\/post"}],"author":[{"embeddable":true,"href":"https:\/\/jms.com.bo\/mediamonitor\/wp-json\/wp\/v2\/users\/1"}],"replies":[{"embeddable":true,"href":"https:\/\/jms.com.bo\/mediamonitor\/wp-json\/wp\/v2\/comments?post=66759"}],"version-history":[{"count":0,"href":"https:\/\/jms.com.bo\/mediamonitor\/wp-json\/wp\/v2\/posts\/66759\/revisions"}],"wp:featuredmedia":[{"embeddable":true,"href":"https:\/\/jms.com.bo\/mediamonitor\/wp-json\/wp\/v2\/media\/66760"}],"wp:attachment":[{"href":"https:\/\/jms.com.bo\/mediamonitor\/wp-json\/wp\/v2\/media?parent=66759"}],"wp:term":[{"taxonomy":"category","embeddable":true,"href":"https:\/\/jms.com.bo\/mediamonitor\/wp-json\/wp\/v2\/categories?post=66759"},{"taxonomy":"post_tag","embeddable":true,"href":"https:\/\/jms.com.bo\/mediamonitor\/wp-json\/wp\/v2\/tags?post=66759"}],"curies":[{"name":"wp","href":"https:\/\/api.w.org\/{rel}","templated":true}]}}