{"id":66761,"date":"2024-06-14T07:37:50","date_gmt":"2024-06-14T11:37:50","guid":{"rendered":"https:\/\/jms.com.bo\/mediamonitor\/2024\/06\/14\/legisladores-de-creemos-mas-arcista-y-comunidad-ciudadana-coinciden-en-apoyar-la-postergacion-de-las-primarias\/"},"modified":"2024-06-14T07:37:50","modified_gmt":"2024-06-14T11:37:50","slug":"legisladores-de-creemos-mas-arcista-y-comunidad-ciudadana-coinciden-en-apoyar-la-postergacion-de-las-primarias","status":"publish","type":"post","link":"https:\/\/jms.com.bo\/mediamonitor\/2024\/06\/14\/legisladores-de-creemos-mas-arcista-y-comunidad-ciudadana-coinciden-en-apoyar-la-postergacion-de-las-primarias\/","title":{"rendered":"Legisladores de Creemos, MAS-arcista y Comunidad Ciudadana coinciden en apoyar la postergaci\u00f3n de las primarias"},"content":{"rendered":"<p>Legisladores de Creemos, Comunidad Ciudadana y del MAS-arcista coinciden en apoyar la postergaci\u00f3n de las elecciones primarias hasta el pr\u00f3ximo a\u00f1o. El vocal del Tribunal Supremo Electoral (TSE) Gustavo \u00c1vila dijo que el ente se pronunciar\u00e1 la semana siguiente.<\/p>\n<p>El senador Henry Montero de Creemos, el diputado Carlos Alarc\u00f3n de Comunidad Ciudadana y el jefe de bancada del MAS (arcista) en la C\u00e1mara Baja, Jerges Mercado, se mostraron partidarios de postergar las primarias para el pr\u00f3ximo a\u00f1o.<\/p>\n<p>El jefe de bancada del MAS en el Senado, Hilari\u00f3n Mamani, rechaz\u00f3 la postergaci\u00f3n y su colega Leonardo Loza no se refiri\u00f3 a esta, pero resalt\u00f3 la importancia del proceso para la democracia.<\/p>\n<p>\u201cSeguramente el cronograma no dar\u00eda para este a\u00f1o (llevar adelante las primarias) y se podr\u00eda hacer al inicio del a\u00f1o (pr\u00f3ximo)\u201d, dijo Montero, quien destac\u00f3 que \u201ces cuesti\u00f3n de voluntad pol\u00edtica y sobre todo que el Tribunal Supremo Electoral pueda estar en sinton\u00eda de la situaci\u00f3n que estamos viviendo en el pa\u00eds, de la situaci\u00f3n (\u2026) en las elecciones judiciales, y en este sentido todo se puede, con voluntad pol\u00edtica se puede, siempre que estemos apegados a la ley\u201d.<\/p>\n<p>Desde Comunidad Ciudadana, Alarc\u00f3n se\u00f1al\u00f3 que la prioridad son las elecciones judiciales y, por lo tanto, sugiri\u00f3 que se deben postergar las primarias \u201chasta julio del pr\u00f3ximo a\u00f1o\u201d. En mayo, el l\u00edder de esta alianza pol\u00edtica, Carlos Mesa, dijo que lo importante es asegurar las elecciones judiciales para este a\u00f1o, por eso hay que realizar un reordenamiento del calendario escolar.<\/p>\n<p>\u201cSi el tiempo da para que se hagan las primarias en este a\u00f1o, que se hagan. Pero no es lo m\u00e1s importante, porque todav\u00eda est\u00e1 lejos la elecci\u00f3n nacional (\u2026) Si no hay condiciones y el Tribunal Electoral no puede hacerla este a\u00f1o, que se posterguen para el siguiente a\u00f1o y nadie va a tener ning\u00fan problema con eso\u201d, a\u00f1adi\u00f3 Mercado.<\/p>\n<p>En la otra vereda est\u00e1 el senador Mamani, del ala evista, quien considera que las primarias deben realizarse el 2024, en cumplimiento a la Ley de Partidos Pol\u00edticos.<\/p>\n<p>\u201cLas primarias deben realizarse este a\u00f1o (&#8230;) No se pueden postergar (\u2026) Los partidos pol\u00edticos est\u00e1n esperando primarias\u201d.<\/p>\n<p>Su colega Loza no se refiere a si las elecciones pueden ser o no postergadas hasta el pr\u00f3ximo a\u00f1o; sin embargo, enfatiza en que son importantes \u201cpara nuestro pa\u00eds\u201d, pero considera que el Gobierno \u201cno va a querer\u201d realizarlas. \u201cVa a toda costa a perjudicar\u201d, a\u00f1ade.<\/p>\n<p>El vocal \u00c1vila indic\u00f3 que la siguiente semana el TSE tendr\u00e1 tener una reuni\u00f3n donde se abordar\u00e1 el tema de las primarias y \u201cse har\u00e1 propuesta a actores pol\u00edticos, ciudadan\u00eda en su conjunto\u201d.<\/p>\n<p>\u201cLa ley establece la realizaci\u00f3n de elecciones primarias con ciertas caracter\u00edsticas. Cualquier modificaci\u00f3n de esta tiene que ser en realidad transmitida al \u00f3rgano legislativo y el \u00f3rgano legislativo, en uso de sus funciones, atribuciones, tendr\u00eda que modificar o no esta ley\u201d, a\u00f1adi\u00f3<\/p>\n<p><strong>\u00bfPrimarias cerradas o abiertas?<\/strong><\/p>\n<p>Unas primarias abiertas son apoyadas por la oposici\u00f3n. Alarc\u00f3n considera que se debe modificar la norma para que las elecciones tengan este matiz.<\/p>\n<p>En marzo, el l\u00edder de Comunidad Ciudadana, Carlos Mesa, present\u00f3 un proyecto de ley para elecciones primarias abiertas, simult\u00e1neas, obligatorias y competitivas.<\/p>\n<p>\u201cNo se restringe la elecci\u00f3n, como ahora, a los militantes de los partidos pol\u00edticos. Se abre el espacio para que todos los ciudadanos puedan emitir su voto libremente, una vez, por supuesto, por aquella candidatura que les parezca mejor dentro de aquellas que se presente dentro de las organizaciones pol\u00edticas\u201d, dijo Mesa, en ese entonces.<\/p>\n<p>Desde Creemos el senador Montero apoy\u00f3 la idea de realizar elecciones abiertas. Sin embargo, desde el MAS evista se rechaz\u00f3 esa posibilidad.<\/p>\n<p>\u201cLo que no vamos a aceptar es elecciones primarias abiertas, no es posible que ciudadanos que tienen criterios pol\u00edticos ideol\u00f3gicos afines hacia la derecha o hacia el Movimiento Al Socialismo, elijan candidatos de manera libre a otros candidatos\u201d, afirm\u00f3 anteriormente el diputado H\u00e9ctor Arce.<\/p>\n<p>Su colega arcista Juan Jos\u00e9 Jauregui tambi\u00e9n rechaz\u00f3 la posibilidad de primarias abiertas.<\/p>\n<p>\u201cNosotros no pactamos, nosotros no tranzamos nosotros no hacemos coalici\u00f3n con los golpistas, es por eso que esta propuesta para nosotros, para el sector renovador del MAS no tiene ning\u00fan tipo de posibilidad de tener viabilidad\u201d, dijo Jauregui hace unos d\u00edas.<\/p>\n","protected":false},"excerpt":{"rendered":"<p>Legisladores de Creemos, Comunidad Ciudadana y del MAS-arcista coinciden en apoyar la postergaci\u00f3n de las elecciones primarias hasta el pr\u00f3ximo a\u00f1o. El vocal del Tribunal Supremo Electoral (TSE) Gustavo \u00c1vila dijo que el ente se pronunciar\u00e1 la semana siguiente. El senador Henry Montero de Creemos, el diputado Carlos Alarc\u00f3n de Comunidad Ciudadana y el jefe [&hellip;]<\/p>\n","protected":false},"author":1,"featured_media":66762,"comment_status":"open","ping_status":"closed","sticky":false,"template":"","format":"standard","meta":{"footnotes":""},"categories":[18],"tags":[],"class_list":{"0":"post-66761","1":"post","2":"type-post","3":"status-publish","4":"format-standard","5":"has-post-thumbnail","7":"category-politica"},"_links":{"self":[{"href":"https:\/\/jms.com.bo\/mediamonitor\/wp-json\/wp\/v2\/posts\/66761","targetHints":{"allow":["GET"]}}],"collection":[{"href":"https:\/\/jms.com.bo\/mediamonitor\/wp-json\/wp\/v2\/posts"}],"about":[{"href":"https:\/\/jms.com.bo\/mediamonitor\/wp-json\/wp\/v2\/types\/post"}],"author":[{"embeddable":true,"href":"https:\/\/jms.com.bo\/mediamonitor\/wp-json\/wp\/v2\/users\/1"}],"replies":[{"embeddable":true,"href":"https:\/\/jms.com.bo\/mediamonitor\/wp-json\/wp\/v2\/comments?post=66761"}],"version-history":[{"count":0,"href":"https:\/\/jms.com.bo\/mediamonitor\/wp-json\/wp\/v2\/posts\/66761\/revisions"}],"wp:featuredmedia":[{"embeddable":true,"href":"https:\/\/jms.com.bo\/mediamonitor\/wp-json\/wp\/v2\/media\/66762"}],"wp:attachment":[{"href":"https:\/\/jms.com.bo\/mediamonitor\/wp-json\/wp\/v2\/media?parent=66761"}],"wp:term":[{"taxonomy":"category","embeddable":true,"href":"https:\/\/jms.com.bo\/mediamonitor\/wp-json\/wp\/v2\/categories?post=66761"},{"taxonomy":"post_tag","embeddable":true,"href":"https:\/\/jms.com.bo\/mediamonitor\/wp-json\/wp\/v2\/tags?post=66761"}],"curies":[{"name":"wp","href":"https:\/\/api.w.org\/{rel}","templated":true}]}}