{"id":66763,"date":"2024-06-14T07:38:37","date_gmt":"2024-06-14T11:38:37","guid":{"rendered":"https:\/\/jms.com.bo\/mediamonitor\/2024\/06\/14\/diputados-aprueba-protocolo-de-adhesion-al-mercosur-y-credito-exigido-por-yapacani\/"},"modified":"2024-06-14T07:38:37","modified_gmt":"2024-06-14T11:38:37","slug":"diputados-aprueba-protocolo-de-adhesion-al-mercosur-y-credito-exigido-por-yapacani","status":"publish","type":"post","link":"https:\/\/jms.com.bo\/mediamonitor\/2024\/06\/14\/diputados-aprueba-protocolo-de-adhesion-al-mercosur-y-credito-exigido-por-yapacani\/","title":{"rendered":"Diputados aprueba protocolo de adhesi\u00f3n al Mercosur y cr\u00e9dito exigido por Yapacan\u00ed"},"content":{"rendered":"<p>Tras seis meses, la adhesi\u00f3n de Bolivia al Mercosur fue aprobada en la C\u00e1mara Baja, en medio de una dura pulseta;\u2008adem\u00e1s, la sesi\u00f3n dio el visto bueno al cr\u00e9dito exigido por pobladores de Yapacan\u00ed que bloqueaban una carretera. Las leyes pasaron al Senado.<\/p>\n<p>La convocatoria del presidente de la C\u00e1mara Baja, Israel Huaytari, del ala del Movimiento Al Socialismo (MAS) que respalda al presidente Luis Arce, se plasm\u00f3 a las 14.40 del jueves, con una agenda de 14 puntos, los dos \u00faltimos referidos a los m\u00e1s \u00e1lgidos:\u2008la ratificaci\u00f3n del Protocolo de Adhesi\u00f3n al Mercado Com\u00fan del Sur (Mercosur) y el proyecto de ley sobre un pr\u00e9stamo de $us 35 millones para el camino Norte Integrado-Yapacan\u00ed, en la regi\u00f3n de Santa Cruz.<\/p>\n<p>La pol\u00e9mica no estuvo ausente, con botellazos y objeciones de los legisladores opositores de Comunidad Ciudadana (CC) y Creemos. Esto en cuanto al incumplimiento en la lectura de informes sobre los documentos que ten\u00edan que ser votados. Asimismo, volvieron a salir a flote los desencuentros del bloque arcista con quienes respaldan en el MAS al expresidente Evo Morales (evistas); y legisladores de las alianzas de la oposici\u00f3n.<\/p>\n<p><strong>Lea m\u00e1s:\u00a0<a href=\"https:\/\/www.la-razon.com\/nacional\/2024\/06\/13\/diputados-ya-debaten-adhesion-al-mercosur-creditos-declaratorias-y-transferencias\/\">Diputados ya debaten adhesi\u00f3n al Mercosur, cr\u00e9ditos, declaratorias y transferencias<\/a><\/strong><\/p>\n<p>Hasta la medianoche se avanz\u00f3 en el visto bueno a los proyectos de ley que no estaban marcados por el conflicto, entre ellos los referidos a transferencias a t\u00edtulo gratuito de terrenos; declaratorias de prioridad nacional, de patrimonios y de fechas hist\u00f3ricas; sobre una delimitaci\u00f3n intradepartamental, un contrato minero, un financiamiento y un pr\u00e9stamo para el \u201cPrograma de Integraci\u00f3n Urbana, Eficiencia Energ\u00e9tica y Movilizadad Urbana de Sucre\u201d, que asciende a $us 43 millones.<\/p>\n<h2>Adhesi\u00f3n al Mercosur<\/h2>\n<p>Sin embargo, la adhesi\u00f3n al Mercosur destap\u00f3 nuevamente los roces y los desacuerdos. Primeramente porque se intent\u00f3 \u201csaltar\u201d el informe de la canciller Celinda Sosa, quien ante la presi\u00f3n tuvo que sentarse en la testera y exponer los argumentos para avalar un protocolo que fue remitido en diciembre del a\u00f1o pasado a la Asamblea para su tratamiento, y cuyo debate ahora pas\u00f3 a la C\u00e1mara de Senadores.<\/p>\n<p>La adhesi\u00f3n convertir\u00e1 al pa\u00eds en el primero en ser miembro de los dos principales bloques de integraci\u00f3n regional, l\u00e9sase el Mercosur y la Comunidad Andina (CAN). Asimismo, cuando se promulgue la ley, Bolivia tendr\u00e1 un plazo de hasta cuatro a\u00f1os para adoptar todo el bagaje normativo del bloque y consolidar el libre comercio rec\u00edproco con Brasil, Argentina, Uruguay y Paraguay.<\/p>\n<p>La sesi\u00f3n se llev\u00f3 a cabo con la presencia de dirigentes de Yapacan\u00ed, municipio que protagonizaba un bloqueo en la carretera que une a Santa Cruz y Cochabamba, en demanda de la aprobaci\u00f3n del contrato de pr\u00e9stamo de $us 35 millones para el camino Norte Integrado-Yapacan\u00ed. Los dirigentes adelantaron que levantar\u00e1n la medida de presi\u00f3n solamente si se da v\u00eda libre a este proyecto de ley. Incluso, diputados pidieron debatir primero este tema, lo cual no cont\u00f3 con respaldo mayoritario.<\/p>\n","protected":false},"excerpt":{"rendered":"<p>Tras seis meses, la adhesi\u00f3n de Bolivia al Mercosur fue aprobada en la C\u00e1mara Baja, en medio de una dura pulseta;\u2008adem\u00e1s, la sesi\u00f3n dio el visto bueno al cr\u00e9dito exigido por pobladores de Yapacan\u00ed que bloqueaban una carretera. Las leyes pasaron al Senado. La convocatoria del presidente de la C\u00e1mara Baja, Israel Huaytari, del ala [&hellip;]<\/p>\n","protected":false},"author":1,"featured_media":66764,"comment_status":"open","ping_status":"closed","sticky":false,"template":"","format":"standard","meta":{"footnotes":""},"categories":[18,48,46],"tags":[],"class_list":{"0":"post-66763","1":"post","2":"type-post","3":"status-publish","4":"format-standard","5":"has-post-thumbnail","7":"category-politica","8":"category-portada-general-sitio","9":"category-portada-politica"},"_links":{"self":[{"href":"https:\/\/jms.com.bo\/mediamonitor\/wp-json\/wp\/v2\/posts\/66763","targetHints":{"allow":["GET"]}}],"collection":[{"href":"https:\/\/jms.com.bo\/mediamonitor\/wp-json\/wp\/v2\/posts"}],"about":[{"href":"https:\/\/jms.com.bo\/mediamonitor\/wp-json\/wp\/v2\/types\/post"}],"author":[{"embeddable":true,"href":"https:\/\/jms.com.bo\/mediamonitor\/wp-json\/wp\/v2\/users\/1"}],"replies":[{"embeddable":true,"href":"https:\/\/jms.com.bo\/mediamonitor\/wp-json\/wp\/v2\/comments?post=66763"}],"version-history":[{"count":0,"href":"https:\/\/jms.com.bo\/mediamonitor\/wp-json\/wp\/v2\/posts\/66763\/revisions"}],"wp:featuredmedia":[{"embeddable":true,"href":"https:\/\/jms.com.bo\/mediamonitor\/wp-json\/wp\/v2\/media\/66764"}],"wp:attachment":[{"href":"https:\/\/jms.com.bo\/mediamonitor\/wp-json\/wp\/v2\/media?parent=66763"}],"wp:term":[{"taxonomy":"category","embeddable":true,"href":"https:\/\/jms.com.bo\/mediamonitor\/wp-json\/wp\/v2\/categories?post=66763"},{"taxonomy":"post_tag","embeddable":true,"href":"https:\/\/jms.com.bo\/mediamonitor\/wp-json\/wp\/v2\/tags?post=66763"}],"curies":[{"name":"wp","href":"https:\/\/api.w.org\/{rel}","templated":true}]}}