{"id":66771,"date":"2024-06-14T07:44:13","date_gmt":"2024-06-14T11:44:13","guid":{"rendered":"https:\/\/jms.com.bo\/mediamonitor\/2024\/06\/14\/empresarios-proponen-visita-publico-privada-a-paraguay-para-mostrar-el-potencial-de-inversion-en-bolivia\/"},"modified":"2024-06-14T07:44:13","modified_gmt":"2024-06-14T11:44:13","slug":"empresarios-proponen-visita-publico-privada-a-paraguay-para-mostrar-el-potencial-de-inversion-en-bolivia","status":"publish","type":"post","link":"https:\/\/jms.com.bo\/mediamonitor\/2024\/06\/14\/empresarios-proponen-visita-publico-privada-a-paraguay-para-mostrar-el-potencial-de-inversion-en-bolivia\/","title":{"rendered":"Empresarios proponen visita p\u00fablico privada a Paraguay para mostrar el potencial de inversi\u00f3n en Bolivia"},"content":{"rendered":"<p>Tras una reuni\u00f3n con el presidente de Paraguay, Santiago Pe\u00f1a, la\u00a0<a href=\"https:\/\/www.cepb.org.bo\/\">Confederaci\u00f3n de Empresarios Privados de Bolivia<\/a>\u00a0(CEPB) propuso una visita p\u00fablico-privada a ese pa\u00eds para mostrar el potencial de inversi\u00f3n y desarrollo que tiene el pa\u00eds.<\/p>\n<p>El presidente de la CEPB, Guiovanni Ortu\u00f1o, dijo que Pe\u00f1a tuvo este jueves un encuentro con casi 200 empresarios bolivianos de rubros como miner\u00eda, agroindustria, banca, telecomunicaciones, construcci\u00f3n, comercio, farmac\u00e9utica, entre otros, de La Paz y otros departamentos.<\/p>\n<p>\u201cEstamos seguros que este encuentro ser\u00e1 el primero de una serie de eventos que fortalecer\u00e1n la relaci\u00f3n entre nuestros pueblos. Pronto una delegaci\u00f3n p\u00fablico privada boliviana podr\u00e1 tener el privilegio de visitarlo en su hermoso pa\u00eds para compartir con usted y con el sector privado paraguayo las posibilidades de inversi\u00f3n y desarrollo en Bolivia\u201d, indic\u00f3 en la cita.<\/p>\n<p>El representante de los privados bolivianos se\u00f1al\u00f3 que existen grandes temas bilaterales para desarrollar, por ejemplo, el Mercado Com\u00fan del Sur (Mercosur), la hidrov\u00eda Paran\u00e1-Paraguay, el Corredor Bioce\u00e1nico y la agroindustria.<\/p>\n<p>\u201cLas empresas y los gobiernos tenemos posibilidades reales y concretas de desarrollar proyectos de cooperaci\u00f3n y trabajo com\u00fan, para bien de nuestros pueblos y de nuestras empresas\u201d.<\/p>\n<p>Lea m\u00e1s:\u00a0<a href=\"https:\/\/www.la-razon.com\/economia\/2024\/06\/13\/paraguay-apunta-a-comprar-mas-fertilizantes-de-bolivia-y-profundizar-vinculos-energeticos\/\" target=\"_blank\" rel=\"noreferrer noopener\">Paraguay apunta a comprar m\u00e1s fertilizantes de Bolivia y profundizar v\u00ednculos energ\u00e9ticos<\/a><\/p>\n<h2>Empresarios<\/h2>\n<p>Durante el encuentro, el mandatario paraguayo realiz\u00f3 una amplia exposici\u00f3n sobre los avances que ha alcanzado su pa\u00eds en materia econ\u00f3mica, de atracci\u00f3n de inversiones y de desarrollo y que ahora buscan expandir su posicionamiento en la regi\u00f3n.<\/p>\n<p>\u201cEstamos decididos a integrarnos y estamos decididos a construir sobre las fortalezas que tenemos nosotros los paraguayos y las fortalezas que compartimos con los pueblos hermanos\u201d.<\/p>\n<p>Y acot\u00f3: \u201cHablamos temas de seguridad, compartimos una frontera muy amplia, el gran Chaco paraguayo y este territorio enfrenta una gran responsabilidad. Hay que cuidarlo y enfrentamos muchas veces el crimen organizado en contra de instituciones p\u00fablicas, estamos trabajando en Paraguay con otros pa\u00edses vecinos y con Bolivia queremos estrechar v\u00ednculos en \u00e1rea de seguridad\u201d, complement\u00f3.<\/p>\n<p>Junto a Pe\u00f1a llegaron autoridades de los ministerios de Econom\u00eda, de Relaciones Exteriores y de Industria y Comercio para sellar acuerdos p\u00fablicos y privados.<\/p>\n<p>El presidente paraguayo dijo tambi\u00e9n que su gobierno resalta el desarrollo de Bolivia en el transporte y subray\u00f3 que miran con mucho inter\u00e9s el telef\u00e9rico en La Paz para aprender de la experiencia boliviana.<\/p>\n<p>Al respecto, el ministro de Econom\u00eda, Marcelo Montenegro, quien particip\u00f3 del encuentro junto a sus colegas de Desarrollo Productivo y de Planificaci\u00f3n del Desarrollo, indic\u00f3 que ambos pa\u00edses tienen muchos temas de complementaci\u00f3n en log\u00edstica, insumos y comercio.<\/p>\n<p>Nos sentimos felices de que los empresarios puedan escuchar del propio presidente de la Rep\u00fablica de Paraguay las oportunidades de trabajo conjunto que se pueden hacer entre ambos pa\u00edses\u201d, sostuvo.<\/p>\n","protected":false},"excerpt":{"rendered":"<p>Tras una reuni\u00f3n con el presidente de Paraguay, Santiago Pe\u00f1a, la\u00a0Confederaci\u00f3n de Empresarios Privados de Bolivia\u00a0(CEPB) propuso una visita p\u00fablico-privada a ese pa\u00eds para mostrar el potencial de inversi\u00f3n y desarrollo que tiene el pa\u00eds. El presidente de la CEPB, Guiovanni Ortu\u00f1o, dijo que Pe\u00f1a tuvo este jueves un encuentro con casi 200 empresarios bolivianos [&hellip;]<\/p>\n","protected":false},"author":1,"featured_media":66772,"comment_status":"open","ping_status":"closed","sticky":false,"template":"","format":"standard","meta":{"footnotes":""},"categories":[25],"tags":[],"class_list":{"0":"post-66771","1":"post","2":"type-post","3":"status-publish","4":"format-standard","5":"has-post-thumbnail","7":"category-economia"},"_links":{"self":[{"href":"https:\/\/jms.com.bo\/mediamonitor\/wp-json\/wp\/v2\/posts\/66771","targetHints":{"allow":["GET"]}}],"collection":[{"href":"https:\/\/jms.com.bo\/mediamonitor\/wp-json\/wp\/v2\/posts"}],"about":[{"href":"https:\/\/jms.com.bo\/mediamonitor\/wp-json\/wp\/v2\/types\/post"}],"author":[{"embeddable":true,"href":"https:\/\/jms.com.bo\/mediamonitor\/wp-json\/wp\/v2\/users\/1"}],"replies":[{"embeddable":true,"href":"https:\/\/jms.com.bo\/mediamonitor\/wp-json\/wp\/v2\/comments?post=66771"}],"version-history":[{"count":0,"href":"https:\/\/jms.com.bo\/mediamonitor\/wp-json\/wp\/v2\/posts\/66771\/revisions"}],"wp:featuredmedia":[{"embeddable":true,"href":"https:\/\/jms.com.bo\/mediamonitor\/wp-json\/wp\/v2\/media\/66772"}],"wp:attachment":[{"href":"https:\/\/jms.com.bo\/mediamonitor\/wp-json\/wp\/v2\/media?parent=66771"}],"wp:term":[{"taxonomy":"category","embeddable":true,"href":"https:\/\/jms.com.bo\/mediamonitor\/wp-json\/wp\/v2\/categories?post=66771"},{"taxonomy":"post_tag","embeddable":true,"href":"https:\/\/jms.com.bo\/mediamonitor\/wp-json\/wp\/v2\/tags?post=66771"}],"curies":[{"name":"wp","href":"https:\/\/api.w.org\/{rel}","templated":true}]}}