{"id":66784,"date":"2024-06-14T07:49:46","date_gmt":"2024-06-14T11:49:46","guid":{"rendered":"https:\/\/jms.com.bo\/mediamonitor\/2024\/06\/14\/las-energias-limpias-cuentan-con-un-potencial-atractivo-para-la-region-destaca-caf\/"},"modified":"2024-06-14T07:49:46","modified_gmt":"2024-06-14T11:49:46","slug":"las-energias-limpias-cuentan-con-un-potencial-atractivo-para-la-region-destaca-caf","status":"publish","type":"post","link":"https:\/\/jms.com.bo\/mediamonitor\/2024\/06\/14\/las-energias-limpias-cuentan-con-un-potencial-atractivo-para-la-region-destaca-caf\/","title":{"rendered":"Las energ\u00edas limpias cuentan con un potencial atractivo para la regi\u00f3n, destaca CAF"},"content":{"rendered":"<div>\n<p>El Banco de Desarrollo para Am\u00e9rica\u00a0Latina y El Caribe (CAF) propone una transici\u00f3n energ\u00e9tica justa que favorezca el crecimiento econ\u00f3mico de la regi\u00f3n. La apertura hacia energ\u00edas verdes contribuir\u00e1, seg\u00fan la CAF, a cerrar la brecha energ\u00e9tica. Por ello, esta transici\u00f3n debe realizarse seg\u00fan la realidad de cada pa\u00eds.<\/p>\n<\/div>\n<div>\n<p>El informe destaca el transporte, la industria y los hogares como tres sectores que inciden en la demanda de energ\u00eda. El\u00a0<strong>cambio de matriz energ\u00e9tica<\/strong>\u00a0en estos sectores es clave para que la transformaci\u00f3n sea real y disminuyan los combustibles f\u00f3siles. Del mismo modo, permitir\u00e1 promover la eficiencia energ\u00e9tica y el uso de energ\u00edas limpias, como la e\u00f3lica y la solar.<\/p>\n<\/div>\n<div>\n<p>\u201cSomos una regi\u00f3n de soluciones, con capacidad para contribuir al proceso mundial de transici\u00f3n energ\u00e9tica aprovechando las oportunidades que surgen para los pa\u00edses con reservas de minerales cr\u00edticos \u2013\u2013como el litio, el cobre o el n\u00edquel\u2013\u2013, para los pa\u00edses con reservas de gas cuyo uso durante la transici\u00f3n reducir\u00eda las emisiones sin abandonar inmediatamente los combustibles f\u00f3siles y para los pa\u00edses con potencial de producci\u00f3n de energ\u00edas renovables en la relocalizaci\u00f3n de actividades intensivas en energ\u00eda\u00bb, afirm\u00f3 Sergio D\u00edaz-Granados, presidente ejecutivo de CAF, durante la presentaci\u00f3n del informe.<\/p>\n<p>En ese mismo sentido, D\u00edaz- Granados comprometi\u00f3 el acompa\u00f1amiento \u00aba la regi\u00f3n mientras afronta con \u00e9xito el desaf\u00edo de una transici\u00f3n con energ\u00edas renovadas\u201d.<\/p>\n<\/div>\n<div>\n<p>El Reporte de Econom\u00eda y Desarrollo (RED)\u00a0<i>Energ\u00edas renovadas: Transici\u00f3n energ\u00e9tica justa para el desarrollo sostenible<\/i>, se present\u00f3 este jueves en Universidad Adolfo Ib\u00e1\u00f1ez en Santiago de Chile.<\/p>\n<\/div>\n<div>\n<h3>Reducci\u00f3n de emisiones de carbono<\/h3>\n<\/div>\n<div>\n<p>El informe se refiere al\u00a0<strong>incremento de la capacidad de generaci\u00f3n de electricidad\u00a0<\/strong>impulsada por una mayor participaci\u00f3n de las fuentes renovables no convencionales y el desarrollo de combustibles de bajas emisiones, entre los que destaca los biocombustibles o el hidr\u00f3geno de bajas emisiones.<\/p>\n<\/div>\n<div>\n<p>Por otro lado, el uso del gas es una alternativa, de acuerdo con el Reporte de Econom\u00eda y Desarrollo, para la sustituci\u00f3n de combustibles f\u00f3siles m\u00e1s contaminantes como el petr\u00f3leo y el carb\u00f3n.<\/p>\n<\/div>\n<div>\n<p>El RED se\u00f1ala que la transici\u00f3n energ\u00e9tica\u00a0<strong>impactar\u00e1 a las econom\u00edas de la regi\u00f3n<\/strong>\u00a0transversalmente, con efectos en el mercado laboral, en la estructura econ\u00f3mica y en los balances macroecon\u00f3micos.<\/p>\n<\/div>\n<div>\n<h3>\u00bfPor qu\u00e9 debe haber una transici\u00f3n energ\u00e9tica?<\/h3>\n<\/div>\n<div>\n<p>En los \u00faltimos 80 a\u00f1os, las emisiones de gases de efecto invernadero (GEI) se han multiplicado por siete debido al crecimiento del ingreso por habitante y al aumento de la poblaci\u00f3n, advierte el Reporte de Econom\u00eda y Desarrollo.<\/p>\n<\/div>\n<div>\n<p><span style=\"font-family: inherit;\">La acumulaci\u00f3n de estas emisiones de gases de efecto invernadero es\u00a0<\/span><strong><span style=\"font-family: inherit;\">responsable del calentamiento global\u00a0<\/span><\/strong>cuyos\u00a0efectos ya han empezado a sentirse, increment\u00e1ndose, por ejemplo, la frecuencia y severidad de eventos clim\u00e1ticos extremos, con costos econ\u00f3micos y sociales importantes.<\/p>\n<\/div>\n<div>\n<p>\u201cEl mundo desarrollado ha tenido una mayor responsabilidad en las emisiones hist\u00f3ricas, puesto que su contribuci\u00f3n representa el 45 % del total. En contraste, las de Am\u00e9rica Latina y el Caribe explican solo el 11 %\u201d, aclara el Reporte de Econom\u00eda y Desarrollo.<\/p>\n<\/div>\n","protected":false},"excerpt":{"rendered":"<p>El Banco de Desarrollo para Am\u00e9rica\u00a0Latina y El Caribe (CAF) propone una transici\u00f3n energ\u00e9tica justa que favorezca el crecimiento econ\u00f3mico de la regi\u00f3n. La apertura hacia energ\u00edas verdes contribuir\u00e1, seg\u00fan la CAF, a cerrar la brecha energ\u00e9tica. Por ello, esta transici\u00f3n debe realizarse seg\u00fan la realidad de cada pa\u00eds. El informe destaca el transporte, la [&hellip;]<\/p>\n","protected":false},"author":1,"featured_media":66785,"comment_status":"open","ping_status":"closed","sticky":false,"template":"","format":"standard","meta":{"footnotes":""},"categories":[39,44,48],"tags":[],"class_list":{"0":"post-66784","1":"post","2":"type-post","3":"status-publish","4":"format-standard","5":"has-post-thumbnail","7":"category-energia","8":"category-portada-energia","9":"category-portada-general-sitio"},"_links":{"self":[{"href":"https:\/\/jms.com.bo\/mediamonitor\/wp-json\/wp\/v2\/posts\/66784","targetHints":{"allow":["GET"]}}],"collection":[{"href":"https:\/\/jms.com.bo\/mediamonitor\/wp-json\/wp\/v2\/posts"}],"about":[{"href":"https:\/\/jms.com.bo\/mediamonitor\/wp-json\/wp\/v2\/types\/post"}],"author":[{"embeddable":true,"href":"https:\/\/jms.com.bo\/mediamonitor\/wp-json\/wp\/v2\/users\/1"}],"replies":[{"embeddable":true,"href":"https:\/\/jms.com.bo\/mediamonitor\/wp-json\/wp\/v2\/comments?post=66784"}],"version-history":[{"count":0,"href":"https:\/\/jms.com.bo\/mediamonitor\/wp-json\/wp\/v2\/posts\/66784\/revisions"}],"wp:featuredmedia":[{"embeddable":true,"href":"https:\/\/jms.com.bo\/mediamonitor\/wp-json\/wp\/v2\/media\/66785"}],"wp:attachment":[{"href":"https:\/\/jms.com.bo\/mediamonitor\/wp-json\/wp\/v2\/media?parent=66784"}],"wp:term":[{"taxonomy":"category","embeddable":true,"href":"https:\/\/jms.com.bo\/mediamonitor\/wp-json\/wp\/v2\/categories?post=66784"},{"taxonomy":"post_tag","embeddable":true,"href":"https:\/\/jms.com.bo\/mediamonitor\/wp-json\/wp\/v2\/tags?post=66784"}],"curies":[{"name":"wp","href":"https:\/\/api.w.org\/{rel}","templated":true}]}}