{"id":66799,"date":"2024-06-17T06:59:34","date_gmt":"2024-06-17T10:59:34","guid":{"rendered":"https:\/\/jms.com.bo\/mediamonitor\/2024\/06\/17\/levantan-la-toma-en-la-uagrm-y-el-lunes-se-reanudan-las-clases\/"},"modified":"2024-06-17T06:59:34","modified_gmt":"2024-06-17T10:59:34","slug":"levantan-la-toma-en-la-uagrm-y-el-lunes-se-reanudan-las-clases","status":"publish","type":"post","link":"https:\/\/jms.com.bo\/mediamonitor\/2024\/06\/17\/levantan-la-toma-en-la-uagrm-y-el-lunes-se-reanudan-las-clases\/","title":{"rendered":"Levantan la toma en la UAGRM y el lunes se reanudan las clases"},"content":{"rendered":"<p style=\"text-align: justify;\">Fin de la toma de la Universidad Aut\u00f3noma Gabriel Ren\u00e9 Moreno. El grupo de estudiantes que cerr\u00f3 desde el lunes los ingresos al campus y los m\u00f3dulos de la estatal cruce\u00f1a suspendi\u00f3 este s\u00e1bado sus medidas de presi\u00f3n y se espera que el lunes se reanuden las clases y las labores administrativas.<\/p>\n<p style=\"text-align: justify;\">El rector de la UAGRM, Vicente Cu\u00e9llar, firm\u00f3 junto al Sindicato de Trabajadores Universitarios (STU) y los estudiantes el documento con el que se consumaba el levantamiento de la toma realizada por alumnos de Humanidades, quienes exig\u00edan la renuncia del decano de la facultad, Alejandro Velarde.<\/p>\n<p style=\"text-align: justify;\">Esta autoridad qued\u00f3 metida en un esc\u00e1ndalo tras la difusi\u00f3n en redes sociales y de mensajer\u00eda de unos audios con una voz atribuida a \u00e9l en la que incurr\u00eda supuestamente en discriminaci\u00f3n contra estudiantes y revelaba supuesta corrupci\u00f3n. Despu\u00e9s los administrativos denunciaron tambi\u00e9n malos tratos de Velarde.<\/p>\n<p style=\"text-align: justify;\">Inicialmente se abri\u00f3 un proceso en el Tribunal de Justicia Universitaria (TJU), que este viernes decidi\u00f3 suspender parcialmente las funciones de Velarde, quien hasta que se emita un dictamen, no puede firmar contratos, remover o incorporar personal.<\/p>\n<p style=\"text-align: justify;\">Cu\u00e9llar resalt\u00f3 que las acciones y la posici\u00f3n asumidas desde el rectorado se hicieron en apego al estatuto org\u00e1nico de la UAGRM. Esta instancia se adhiri\u00f3 a la denuncia penal presentada en la Fiscal\u00eda contra Velarde.<\/p>\n<p style=\"text-align: justify;\">La toma perjudic\u00f3 el normal desarrollo de las clases aunque se instruy\u00f3 aplicar la modalidad virtual. Adem\u00e1s paraliz\u00f3 diversos tr\u00e1mites que se hacen en la UAGRM entre ellos el de t\u00edtulos acad\u00e9micos.<\/p>\n","protected":false},"excerpt":{"rendered":"<p>Fin de la toma de la Universidad Aut\u00f3noma Gabriel Ren\u00e9 Moreno. El grupo de estudiantes que cerr\u00f3 desde el lunes los ingresos al campus y los m\u00f3dulos de la estatal cruce\u00f1a suspendi\u00f3 este s\u00e1bado sus medidas de presi\u00f3n y se espera que el lunes se reanuden las clases y las labores administrativas. El rector de [&hellip;]<\/p>\n","protected":false},"author":4,"featured_media":66800,"comment_status":"open","ping_status":"closed","sticky":false,"template":"","format":"standard","meta":{"footnotes":""},"categories":[49],"tags":[],"class_list":{"0":"post-66799","1":"post","2":"type-post","3":"status-publish","4":"format-standard","5":"has-post-thumbnail","7":"category-social"},"_links":{"self":[{"href":"https:\/\/jms.com.bo\/mediamonitor\/wp-json\/wp\/v2\/posts\/66799","targetHints":{"allow":["GET"]}}],"collection":[{"href":"https:\/\/jms.com.bo\/mediamonitor\/wp-json\/wp\/v2\/posts"}],"about":[{"href":"https:\/\/jms.com.bo\/mediamonitor\/wp-json\/wp\/v2\/types\/post"}],"author":[{"embeddable":true,"href":"https:\/\/jms.com.bo\/mediamonitor\/wp-json\/wp\/v2\/users\/4"}],"replies":[{"embeddable":true,"href":"https:\/\/jms.com.bo\/mediamonitor\/wp-json\/wp\/v2\/comments?post=66799"}],"version-history":[{"count":0,"href":"https:\/\/jms.com.bo\/mediamonitor\/wp-json\/wp\/v2\/posts\/66799\/revisions"}],"wp:featuredmedia":[{"embeddable":true,"href":"https:\/\/jms.com.bo\/mediamonitor\/wp-json\/wp\/v2\/media\/66800"}],"wp:attachment":[{"href":"https:\/\/jms.com.bo\/mediamonitor\/wp-json\/wp\/v2\/media?parent=66799"}],"wp:term":[{"taxonomy":"category","embeddable":true,"href":"https:\/\/jms.com.bo\/mediamonitor\/wp-json\/wp\/v2\/categories?post=66799"},{"taxonomy":"post_tag","embeddable":true,"href":"https:\/\/jms.com.bo\/mediamonitor\/wp-json\/wp\/v2\/tags?post=66799"}],"curies":[{"name":"wp","href":"https:\/\/api.w.org\/{rel}","templated":true}]}}