{"id":66801,"date":"2024-06-17T07:00:41","date_gmt":"2024-06-17T11:00:41","guid":{"rendered":"https:\/\/jms.com.bo\/mediamonitor\/2024\/06\/17\/gobierno-anuncia-descuentos-salariales-a-medicos-que-acaten-el-paro-de-este-lunes\/"},"modified":"2024-06-17T07:00:41","modified_gmt":"2024-06-17T11:00:41","slug":"gobierno-anuncia-descuentos-salariales-a-medicos-que-acaten-el-paro-de-este-lunes","status":"publish","type":"post","link":"https:\/\/jms.com.bo\/mediamonitor\/2024\/06\/17\/gobierno-anuncia-descuentos-salariales-a-medicos-que-acaten-el-paro-de-este-lunes\/","title":{"rendered":"Gobierno anuncia descuentos salariales a m\u00e9dicos que acaten el paro de este lunes"},"content":{"rendered":"<p style=\"text-align: justify;\">El Gobierno indic\u00f3 que los profesionales de salud que acaten el paro m\u00e9dico de 96 horas y que est\u00e1 previsto para este lunes en contra de un proyecto de ley calificado como de \u201cjubilaci\u00f3n forzada\u201d, recibir\u00e1n sanciones como descuentos y procesos administrativos.<\/p>\n<p style=\"text-align: justify;\">El Comit\u00e9 Interinstitucional por una Jubilaci\u00f3n Digna, que congrega a varios sectores, convoc\u00f3 a los colegios de profesionales y sindicatos de m\u00e9dicos, federaciones de universidades y maestros a cumplir la disposici\u00f3n. Se espera que los m\u00e9dicos sean los que acaten la norma con m\u00e1s disciplina.<\/p>\n<p style=\"text-align: justify;\">Rub\u00e9n Colque, director general la Autoridad de Supervisi\u00f3n de la Seguridad Social de Corto Plazo (ASUSS),dijo que se prev\u00e9 imponer descuentos a los m\u00e9dicos en caso de abandono de funciones y que incluso se puede llegar a procesos administrativos.<\/p>\n<p style=\"text-align: justify;\">\u201cDeja un poco a pensar el hecho de que planteen, luego de un fin de semana, un paro y enlazando directamente con un feriado nacional (del 21 de junio). Pr\u00e1cticamente se est\u00e1n declarando en vacaciones\u201d, a\u00f1adi\u00f3.<\/p>\n<p style=\"text-align: justify;\">Los m\u00e9dicos que se oponen al proyecto de ley 035 que establece, seg\u00fan los galenos, una jubilaci\u00f3n forzosa y anunciaron que desde este lunes comienza el paro. El viernes rompieron el dialogo con el diputado oficialista Omar Yujra, que est\u00e1 encargado de las negociaciones sobre esta norma.<\/p>\n<p style=\"text-align: justify;\">A finales de abril, el Federaci\u00f3n de Sindicatos de Ramas M\u00e9dicas de Salud P\u00fablica (Fesirmes) acord\u00f3 con la Comisi\u00f3n de Planificaci\u00f3n de la C\u00e1mara de Diputados suspender un paro de cuatro d\u00edas con el prop\u00f3sito de establecer una mesa t\u00e9cnica encargada de debatir los alcances del proyecto normativo, el cual aborda ajustes a la Ley de Pensiones.<\/p>\n<p style=\"text-align: justify;\">Sin embargo, tras romper el di\u00e1logo, el secretario ejecutivo de la Fesirmes, Daniel Cazas, denunci\u00f3 que el Gobierno busca desgastar a su movimiento prolongando indefinidamente la discusi\u00f3n sobre el tema.<\/p>\n","protected":false},"excerpt":{"rendered":"<p>El Gobierno indic\u00f3 que los profesionales de salud que acaten el paro m\u00e9dico de 96 horas y que est\u00e1 previsto para este lunes en contra de un proyecto de ley calificado como de \u201cjubilaci\u00f3n forzada\u201d, recibir\u00e1n sanciones como descuentos y procesos administrativos. El Comit\u00e9 Interinstitucional por una Jubilaci\u00f3n Digna, que congrega a varios sectores, convoc\u00f3 [&hellip;]<\/p>\n","protected":false},"author":4,"featured_media":66802,"comment_status":"open","ping_status":"closed","sticky":false,"template":"","format":"standard","meta":{"footnotes":""},"categories":[20,49],"tags":[],"class_list":{"0":"post-66801","1":"post","2":"type-post","3":"status-publish","4":"format-standard","5":"has-post-thumbnail","7":"category-actualidad","8":"category-social"},"_links":{"self":[{"href":"https:\/\/jms.com.bo\/mediamonitor\/wp-json\/wp\/v2\/posts\/66801","targetHints":{"allow":["GET"]}}],"collection":[{"href":"https:\/\/jms.com.bo\/mediamonitor\/wp-json\/wp\/v2\/posts"}],"about":[{"href":"https:\/\/jms.com.bo\/mediamonitor\/wp-json\/wp\/v2\/types\/post"}],"author":[{"embeddable":true,"href":"https:\/\/jms.com.bo\/mediamonitor\/wp-json\/wp\/v2\/users\/4"}],"replies":[{"embeddable":true,"href":"https:\/\/jms.com.bo\/mediamonitor\/wp-json\/wp\/v2\/comments?post=66801"}],"version-history":[{"count":0,"href":"https:\/\/jms.com.bo\/mediamonitor\/wp-json\/wp\/v2\/posts\/66801\/revisions"}],"wp:featuredmedia":[{"embeddable":true,"href":"https:\/\/jms.com.bo\/mediamonitor\/wp-json\/wp\/v2\/media\/66802"}],"wp:attachment":[{"href":"https:\/\/jms.com.bo\/mediamonitor\/wp-json\/wp\/v2\/media?parent=66801"}],"wp:term":[{"taxonomy":"category","embeddable":true,"href":"https:\/\/jms.com.bo\/mediamonitor\/wp-json\/wp\/v2\/categories?post=66801"},{"taxonomy":"post_tag","embeddable":true,"href":"https:\/\/jms.com.bo\/mediamonitor\/wp-json\/wp\/v2\/tags?post=66801"}],"curies":[{"name":"wp","href":"https:\/\/api.w.org\/{rel}","templated":true}]}}